{"id":110967,"date":"2025-12-19T10:45:30","date_gmt":"2025-12-19T10:45:30","guid":{"rendered":"https:\/\/www.europesays.com\/se\/110967\/"},"modified":"2025-12-19T10:45:30","modified_gmt":"2025-12-19T10:45:30","slug":"robert-f-kennedy-jr-orsakar-problem-for-hela-varlden","status":"publish","type":"post","link":"https:\/\/www.europesays.com\/se\/110967\/","title":{"rendered":"Robert F Kennedy jr orsakar problem f\u00f6r hela v\u00e4rlden"},"content":{"rendered":"<p>PremiumDet som h\u00e4nder i USA stannar inte i USA. Resten av v\u00e4rlden m\u00e5ste f\u00f6rh\u00e5lla sig till alla galenskaper som landets h\u00e4lsominister Robert F Kennedy jr hittar p\u00e5.<\/p>\n<p>Han har nog bara b\u00f6rjat och jag b\u00e4var inf\u00f6r n\u00e4sta \u00e5r.<\/p>\n<p><a href=\"https:\/\/www.expressen.se\/premium\/halsa\/\" rel=\"nofollow noopener\" target=\"_blank\">H\u00e4r hittar du mer om medicin och forskning!<\/a>\u00a0<\/p>\n<p><img   alt=\"\"\/><\/p>\n<p>Robert F Kennedy jr har uttalat sig kritiskt mot vaccin m\u00e5nga g\u00e5nger.<\/p>\n<p>Foto: INSTAR \/ STELLA PICTURES \/ STELLA PICTURES<\/p>\n<p>\u00d6ppna bild i helsk\u00e4rm<\/p>\n","protected":false},"excerpt":{"rendered":"PremiumDet som h\u00e4nder i USA stannar inte i USA. Resten av v\u00e4rlden m\u00e5ste f\u00f6rh\u00e5lla sig till alla galenskaper&hellip;\n","protected":false},"author":2,"featured_media":110968,"comment_status":"","ping_status":"","sticky":false,"template":"","format":"standard","meta":{"footnotes":""},"categories":[14],"tags":[22,23,26,27,17,21,24,25,28,29,15,5897,16,12261,992,5895,103,18,34,55,31,33,32,30,19,3615,997,998,20,51,52,53,54],"class_list":{"0":"post-110967","1":"post","2":"type-post","3":"status-publish","4":"format-standard","5":"has-post-thumbnail","7":"category-varlden","8":"tag-breaking-news","9":"tag-breakingnews","10":"tag-featured-news","11":"tag-featurednews","12":"tag-headlines","13":"tag-huvudnyheter","14":"tag-latest-news","15":"tag-latestnews","16":"tag-main-news","17":"tag-mainnews","18":"tag-news","19":"tag-newsstory-vetenskapsrummet","20":"tag-nyheter","21":"tag-organization-who","22":"tag-person-robert-f-kennedy-jr","23":"tag-person-vetenskapsrummet","24":"tag-premium","25":"tag-rubriker","26":"tag-se","27":"tag-sections-varlden","28":"tag-svenska","29":"tag-sverige","30":"tag-sweden","31":"tag-swedish","32":"tag-top-stories","33":"tag-topic-energifragor","34":"tag-topic-vaccination","35":"tag-topic-vetenskap","36":"tag-topstories","37":"tag-varlden","38":"tag-world","39":"tag-world-news","40":"tag-worldnews"},"share_on_mastodon":{"url":"","error":"Validation failed: Text character limit of 500 exceeded"},"_links":{"self":[{"href":"https:\/\/www.europesays.com\/se\/wp-json\/wp\/v2\/posts\/110967","targetHints":{"allow":["GET"]}}],"collection":[{"href":"https:\/\/www.europesays.com\/se\/wp-json\/wp\/v2\/posts"}],"about":[{"href":"https:\/\/www.europesays.com\/se\/wp-json\/wp\/v2\/types\/post"}],"author":[{"embeddable":true,"href":"https:\/\/www.europesays.com\/se\/wp-json\/wp\/v2\/users\/2"}],"replies":[{"embeddable":true,"href":"https:\/\/www.europesays.com\/se\/wp-json\/wp\/v2\/comments?post=110967"}],"version-history":[{"count":0,"href":"https:\/\/www.europesays.com\/se\/wp-json\/wp\/v2\/posts\/110967\/revisions"}],"wp:featuredmedia":[{"embeddable":true,"href":"https:\/\/www.europesays.com\/se\/wp-json\/wp\/v2\/media\/110968"}],"wp:attachment":[{"href":"https:\/\/www.europesays.com\/se\/wp-json\/wp\/v2\/media?parent=110967"}],"wp:term":[{"taxonomy":"category","embeddable":true,"href":"https:\/\/www.europesays.com\/se\/wp-json\/wp\/v2\/categories?post=110967"},{"taxonomy":"post_tag","embeddable":true,"href":"https:\/\/www.europesays.com\/se\/wp-json\/wp\/v2\/tags?post=110967"}],"curies":[{"name":"wp","href":"https:\/\/api.w.org\/{rel}","templated":true}]}}