{"id":110981,"date":"2025-12-19T10:58:42","date_gmt":"2025-12-19T10:58:42","guid":{"rendered":"https:\/\/www.europesays.com\/se\/110981\/"},"modified":"2025-12-19T10:58:42","modified_gmt":"2025-12-19T10:58:42","slug":"schibsted-vander-till-vinst-efter-tuff-start-pa-aret","status":"publish","type":"post","link":"https:\/\/www.europesays.com\/se\/110981\/","title":{"rendered":"Schibsted v\u00e4nder till vinst efter tuff start p\u00e5 \u00e5ret"},"content":{"rendered":"<p class=\"css-176tai ek7mua12\">Schibsted fick en tuff start p\u00e5 \u00e5ret. Ett stort sparpaketet rullades ut som innebar att 350 tj\u00e4nster kapades. 2024 delades Schibstedkoncernen i tv\u00e5.\u00a0 Annonsaff\u00e4ren gick s\u00e4mre \u00e4n v\u00e4ntat och kostnadskostymen blev f\u00f6r stor. Schibsted gick back med 40 miljoner norska kronor 2024.<\/p>\n<p class=\"css-176tai ek7mua12\">Sparpaketet ser ut att ha gett effekt \u2013 och nu \u00e4r skutan v\u00e4nd, rapporterar <a rel=\"noopener noreferrer nofollow\" target=\"_blank\" href=\"https:\/\/www.kampanje.com\/premium\/schibsted-gar-med-overskudd-etter-eksepsjonelt-ar\/968613\">Kampanje<\/a>.<\/p>\n<p class=\"css-176tai ek7mua12\">Schibsteds vd <strong>Siv Juvik Tveitnes<\/strong> beskriver 2025 som ett \u201dexceptionellt \u00e5r\u201d och lyfter fram den \u201dfenomenala v\u00e4ndningen\u201d som koncernen genomg\u00e5tt.<\/p>\n<p class=\"css-176tai ek7mua12\">N\u00e5gra exakta siffror delar hon emellertid inte med sig av:<\/p>\n<p class=\"css-176tai ek7mua12\">\u2013 Vi har december kvar och st\u00e4nger b\u00f6ckerna vid \u00e5rsskiftet, men vi kommer att leverera fina resultat, s\u00e4ger hon, och syftar p\u00e5 tidningsverksamheten.<\/p>\n<p class=\"css-176tai ek7mua12\">TV4, som sedan i somras \u00e4r en del av Schibsted, \u00e4r ett eget kapitel:<\/p>\n<p class=\"css-176tai ek7mua12\">\u2013 I till\u00e4gg kommer TV4 och MTV att leverera solida finansiella resultat under 2025, s\u00e4ger vd:n.<\/p>\n<p class=\"css-176tai ek7mua12\">Det var i februari i \u00e5r som nyheten kom att Schibsted k\u00f6pt den svenska tv-kanalen TV4 och den finska kanalen MTV f\u00f6r 6,55 miljarder kronor.<\/p>\n<p class=\"css-176tai ek7mua12\">TV4 och MTV \u00e4r sedan f\u00f6rv\u00e4rvet ett eget verksamhetsomr\u00e5de inom Schibsted som heter Schibsted TV-Media.<\/p>\n","protected":false},"excerpt":{"rendered":"Schibsted fick en tuff start p\u00e5 \u00e5ret. Ett stort sparpaketet rullades ut som innebar att 350 tj\u00e4nster kapades.&hellip;\n","protected":false},"author":2,"featured_media":110982,"comment_status":"","ping_status":"","sticky":false,"template":"","format":"standard","meta":{"footnotes":""},"categories":[67],"tags":[104,34,31,33,32,30,105],"class_list":{"0":"post-110981","1":"post","2":"type-post","3":"status-publish","4":"format-standard","5":"has-post-thumbnail","7":"category-underhallning","8":"tag-entertainment","9":"tag-se","10":"tag-svenska","11":"tag-sverige","12":"tag-sweden","13":"tag-swedish","14":"tag-underhallning"},"share_on_mastodon":{"url":"https:\/\/pubeurope.com\/@se\/115745882314232034","error":""},"_links":{"self":[{"href":"https:\/\/www.europesays.com\/se\/wp-json\/wp\/v2\/posts\/110981","targetHints":{"allow":["GET"]}}],"collection":[{"href":"https:\/\/www.europesays.com\/se\/wp-json\/wp\/v2\/posts"}],"about":[{"href":"https:\/\/www.europesays.com\/se\/wp-json\/wp\/v2\/types\/post"}],"author":[{"embeddable":true,"href":"https:\/\/www.europesays.com\/se\/wp-json\/wp\/v2\/users\/2"}],"replies":[{"embeddable":true,"href":"https:\/\/www.europesays.com\/se\/wp-json\/wp\/v2\/comments?post=110981"}],"version-history":[{"count":0,"href":"https:\/\/www.europesays.com\/se\/wp-json\/wp\/v2\/posts\/110981\/revisions"}],"wp:featuredmedia":[{"embeddable":true,"href":"https:\/\/www.europesays.com\/se\/wp-json\/wp\/v2\/media\/110982"}],"wp:attachment":[{"href":"https:\/\/www.europesays.com\/se\/wp-json\/wp\/v2\/media?parent=110981"}],"wp:term":[{"taxonomy":"category","embeddable":true,"href":"https:\/\/www.europesays.com\/se\/wp-json\/wp\/v2\/categories?post=110981"},{"taxonomy":"post_tag","embeddable":true,"href":"https:\/\/www.europesays.com\/se\/wp-json\/wp\/v2\/tags?post=110981"}],"curies":[{"name":"wp","href":"https:\/\/api.w.org\/{rel}","templated":true}]}}