{"id":111018,"date":"2025-12-19T11:31:12","date_gmt":"2025-12-19T11:31:12","guid":{"rendered":"https:\/\/www.europesays.com\/se\/111018\/"},"modified":"2025-12-19T11:31:12","modified_gmt":"2025-12-19T11:31:12","slug":"miljardomlaggning-i-svenskt-bistand-mer-pengar-till-ukraina","status":"publish","type":"post","link":"https:\/\/www.europesays.com\/se\/111018\/","title":{"rendered":"Miljardoml\u00e4ggning i svenskt bist\u00e5nd \u2013 mer pengar till Ukraina"},"content":{"rendered":"<p>Publicerad 19 dec 2025 kl 09.00Uppdaterad kl 11.37<\/p>\n<p>Sida:s budget minskar kraftigt n\u00e4sta \u00e5r.\u00a0<\/p>\n<p>Och samtidigt som mer bist\u00e5nd ska g\u00e5 till Ukraina minskar det totala bist\u00e5ndet med flera miljarder.<\/p>\n<p>\u2013 Det \u00e4r inget beslut som vi har fattat med n\u00e5gon stor gl\u00e4dje, s\u00e4ger Benjamin Dousa (M).<\/p>\n<p>Senaste nyhetsklippen fr\u00e5n Expressen.<img   alt=\"\"\/><\/p>\n<p>Bist\u00e5ndsminister Benjamin Dousa (M).<\/p>\n<p>Foto: Jessica Gow\/TT \/ TT NYHETSBYR\u00c5N<\/p>\n<p>\u00d6ppna bild i helsk\u00e4rm<img loading=\"lazy\"   alt=\"\"\/><\/p>\n<p>Ett bostadshus i l\u00e5gor i Zaporizjzja i Ukraina efter en rysk attack tidigare i veckan.<\/p>\n<p>Foto: AA \/ STELLA PICTURES<\/p>\n<p>\u00d6ppna bild i helsk\u00e4rm<\/p>\n<p>Svensk bist\u00e5ndspolitik genomg\u00e5r de st\u00f6rsta f\u00f6r\u00e4ndringarna p\u00e5 decennier. Det s\u00e4ger bist\u00e5ndsminister <a href=\"https:\/\/www.expressen.se\/tagg\/person\/benjamin-dousa\/\" class=\"\" rel=\"nofollow noopener\" target=\"_blank\">Benjamin Dousa<\/a>.\u00a0<\/p>\n<p>Regeringen har tidigare aviserat en oml\u00e4ggning som inneb\u00e4r att miljardbelopp flyttas till bist\u00e5ndet som g\u00e5r till Ukraina.\u00a0<\/p>\n<p>Nu st\u00e5r det klart att pengarna kommer fr\u00e5n det bist\u00e5nd som tidigare g\u00e5r till delar av Asien och Afrika.<\/p>\n<p>\u2013 Vi prioriterar kraftigt upp Ukraina. Bara i \u00e5r \u00e4r st\u00f6det till Ukraina ungef\u00e4r lika stort som 2022, 2023 och 2024 tillsammans. N\u00e4sta \u00e5r \u00f6kar det ytterligare s\u00e5 att n\u00e4stan 20 procent av v\u00e5rt totala bist\u00e5nd kommer att g\u00e5 till Ukraina, s\u00e4ger Benjamin Dousa.<\/p>\n<p>Miljardnedsk\u00e4rning p\u00e5 totalen<\/p>\n<p>Enligt bist\u00e5ndsministern handlar st\u00f6det till Ukraina delvis om solidaritet med det ukrainska folket.<\/p>\n<p>\u2013 Sen finns det ett svenskt s\u00e4kerhetspolitiskt intresse i att Ukraina kan forts\u00e4tta f\u00f6rsvara sig sj\u00e4lva. S\u00e5 minskar risken f\u00f6r ryska dr\u00f6nare, stridsflygplan och soldater p\u00e5 svenskt territorium.<\/p>\n<p>Samtidigt minskar det totala bist\u00e5ndet med tre miljarder kronor, meddelar Benjamin Dousa. Det handlar om \u201dstora problem p\u00e5 hemmaplan\u201d.<\/p>\n<p>\u2013 Vi skapar ett utrymme med 3 miljarder som kan g\u00e5 till att h\u00e5rt arbetande m\u00e4nniskor f\u00e5r beh\u00e5lla mer av sin l\u00f6n, till svensk sjukv\u00e5rd, till svensk skola och \u00e4ldreomsorg som ocks\u00e5 beh\u00f6ver de h\u00e4r pengarna.<\/p>\n<p>Oml\u00e4ggningen i siffror<\/p>\n<p>Bist\u00e5ndsramen minskar ner till 53 mdkr fr\u00e5n 56 mdkr<\/p>\n<p>Ukrainabist\u00e5ndet \u00f6kar till 10 mdkr<\/p>\n<p>Den totala omprioriteringen av svenskt bist\u00e5nd hamnar p\u00e5 totalt 4,7 miljarder kronor. Sida:s anslag minskar med drygt 4 mdkr fr\u00e5n 22,5 till 18,5 mdkr.<\/p>\n<p>Anslagspost 6 (Asien) minskar med cirka 0,5 mdkr fr\u00e5n 1,2 till 0,6 mdkr\u00a0<\/p>\n<p>Anslagspost 9 (Afrika) minskar med cirka 1,8 mdkr, fr\u00e5n 5,2 till 3,3 mdkr\u00a0<\/p>\n<p>K\u00e4rnst\u00f6det till UNDP minskar med 476 mnkr fr\u00e5n 516 till 40 mnkr (-92%)<\/p>\n<p>Visa mer<\/p>\n<p>Sverige f\u00f6rblir en av de st\u00f6rsta bist\u00e5ndsgivarna globalt sett, n\u00e5got som Benjamin Dousa \u00e4r stolt \u00f6ver.<\/p>\n<p>\u2013 Men vi m\u00e5ste i f\u00f6rsta hand ta tag i de problem och utmaningar som finns hemma i Sverige.<\/p>\n<p>Ska inte p\u00e5verka direkt humanit\u00e4rt st\u00f6d<\/p>\n<p>Satsningar p\u00e5 det som \u00e4r \u201dabsolut mest skyddsv\u00e4rt\u201d v\u00e4rnas, s\u00e4ger Dousa. Det handlar om j\u00e4mst\u00e4lldhets- och h\u00e4lsoarbetet f\u00f6r unga kvinnor och flickor, och humanit\u00e4rt st\u00f6d som matpaket, rent vatten, t\u00e4lt och t\u00e4lts\u00e4ngar, vaccinsprutor.\u00a0<\/p>\n<p>\u2013 Det ligger helt of\u00f6r\u00e4ndrat. Vi har anstr\u00e4ngt oss f\u00f6r att v\u00e4rna det som de flesta svenskar upplever som bist\u00e5nd. De m\u00e4nniskor man ser p\u00e5 tv som sv\u00e4lter kommer inte att p\u00e5verkas av det h\u00e4r.<\/p>\n<p>\u00c4ven demokratist\u00f6det v\u00e4rnas. Men nedsk\u00e4rningen och omprioriteringen kommer att p\u00e5verka m\u00e5nga som tidigare f\u00e5tt hj\u00e4lp och st\u00f6d av insatser som finansierats av svenskt bist\u00e5nd.<\/p>\n<p>\u2013 Det \u00e4r stora f\u00f6r\u00e4ndringar och det vill jag vara \u00e4rlig med. Det \u00e4r inget beslut som vi har fattat med n\u00e5gon stor gl\u00e4dje. M\u00e5nga m\u00e4nniskor kommer att p\u00e5verkas av det h\u00e4r. Tittar man p\u00e5 Sidas budget s\u00e5 minskar den med n\u00e4stan 20 procent. Det \u00e4r klart att det \u00e4r en mycket stor f\u00f6r\u00e4ndring. Men vi g\u00f6r det f\u00f6r att vi m\u00e5ste. Vi har s\u00e5 pass stora problem hemma i Sverige och vi har en plikt gentemot Ukraina.<\/p>\n<p>Annons<\/p>\n<p>Fler ska kunna k\u00f6pa julklappar<\/p>\n<p>Tillsammans med skattes\u00e4nkningar ska nedsk\u00e4rningen i bist\u00e5ndet g\u00f6ra att \u201dvanliga k\u00e4mpande m\u00e4nniskor\u201d i Sverige har r\u00e5d med det som tidigare varit f\u00f6r dyrt, s\u00e4ger Benjamin Dousa.<\/p>\n<p>\u2013 V\u00e5ra kommuner och regioner har haft det v\u00e4ldigt tufft. Det \u00e4r klart att v\u00e5r fr\u00e4msta prioritering \u00e4r att s\u00e4kerst\u00e4lla att v\u00e5r egen befolkning kan ha pengar \u00f6ver f\u00f6r att k\u00f6pa fotbollsskor, ta familjen till en n\u00f6jespark, eller \u00e5ka p\u00e5 en semester till exempel.\u00a0<\/p>\n<p>\u2013 Hundratusentals svenskar har inte haft de pengarna. Bara nu under julen ser vi att m\u00e5nga anv\u00e4nder krediter f\u00f6r att kunna k\u00f6pa julklappar till sina egna barn.<\/p>\n<p>S: Slakt av FN-st\u00f6det<\/p>\n<p>Socialdemokraterna \u00e4r starkt kritiska till neddragningen. N\u00e4r bist\u00e5ndet minskas till Afrika och Asien \u00e4r det de allra fattigaste som drabbas, menar partiets utrikespolitiska talesperson Morgan Johansson.<\/p>\n<p>\u2013 Sverige l\u00e4mnar de allra fattigaste \u00e5t sitt \u00f6de, f\u00f6rminskar sin roll i v\u00e4rlden och l\u00e4mnar den internationella scenen, s\u00e4ger han i en kommentar.<\/p>\n<p>Politiken kommer enligt honom leda till att fler m\u00e4nniskor d\u00f6r, smittspridningen \u00f6kar och kvinnor och flickors st\u00e4llning f\u00f6rsvagas.<\/p>\n<p>\u2013 Slakten av st\u00f6det till FN:s utvecklingsarbete genom UNDP g\u00e5r i samma riktning. UNDP arbetar med att bek\u00e4mpa fattigdom, \u00f6ka j\u00e4mlikheten, \u00f6ka j\u00e4mst\u00e4lldheten mellan kvinnor och m\u00e4n och g\u00f6ra de fattigaste l\u00e4nderna mer motst\u00e5ndskraftiga mot klimatf\u00f6r\u00e4ndringarna. Nu minskar Sveriges st\u00f6d f\u00f6r detta med \u00f6ver 90 procent, s\u00e4ger Morgan Johansson.<\/p>\n","protected":false},"excerpt":{"rendered":"Publicerad 19 dec 2025 kl 09.00Uppdaterad kl 11.37 Sida:s budget minskar kraftigt n\u00e4sta \u00e5r.\u00a0 Och samtidigt som mer&hellip;\n","protected":false},"author":2,"featured_media":111019,"comment_status":"","ping_status":"","sticky":false,"template":"","format":"standard","meta":{"footnotes":""},"categories":[5],"tags":[22,23,26,27,17,21,24,25,28,29,15,16,5911,1304,18,34,154,31,33,32,30,19,5912,20],"class_list":{"0":"post-111018","1":"post","2":"type-post","3":"status-publish","4":"format-standard","5":"has-post-thumbnail","7":"category-rubriker","8":"tag-breaking-news","9":"tag-breakingnews","10":"tag-featured-news","11":"tag-featurednews","12":"tag-headlines","13":"tag-huvudnyheter","14":"tag-latest-news","15":"tag-latestnews","16":"tag-main-news","17":"tag-mainnews","18":"tag-news","19":"tag-nyheter","20":"tag-organization-sida","21":"tag-person-benjamin-dousa","22":"tag-rubriker","23":"tag-se","24":"tag-sections-sverige","25":"tag-svenska","26":"tag-sverige","27":"tag-sweden","28":"tag-swedish","29":"tag-top-stories","30":"tag-topic-bistand","31":"tag-topstories"},"share_on_mastodon":{"url":"https:\/\/pubeurope.com\/@se\/115746012266287945","error":""},"_links":{"self":[{"href":"https:\/\/www.europesays.com\/se\/wp-json\/wp\/v2\/posts\/111018","targetHints":{"allow":["GET"]}}],"collection":[{"href":"https:\/\/www.europesays.com\/se\/wp-json\/wp\/v2\/posts"}],"about":[{"href":"https:\/\/www.europesays.com\/se\/wp-json\/wp\/v2\/types\/post"}],"author":[{"embeddable":true,"href":"https:\/\/www.europesays.com\/se\/wp-json\/wp\/v2\/users\/2"}],"replies":[{"embeddable":true,"href":"https:\/\/www.europesays.com\/se\/wp-json\/wp\/v2\/comments?post=111018"}],"version-history":[{"count":0,"href":"https:\/\/www.europesays.com\/se\/wp-json\/wp\/v2\/posts\/111018\/revisions"}],"wp:featuredmedia":[{"embeddable":true,"href":"https:\/\/www.europesays.com\/se\/wp-json\/wp\/v2\/media\/111019"}],"wp:attachment":[{"href":"https:\/\/www.europesays.com\/se\/wp-json\/wp\/v2\/media?parent=111018"}],"wp:term":[{"taxonomy":"category","embeddable":true,"href":"https:\/\/www.europesays.com\/se\/wp-json\/wp\/v2\/categories?post=111018"},{"taxonomy":"post_tag","embeddable":true,"href":"https:\/\/www.europesays.com\/se\/wp-json\/wp\/v2\/tags?post=111018"}],"curies":[{"name":"wp","href":"https:\/\/api.w.org\/{rel}","templated":true}]}}