{"id":111022,"date":"2025-12-19T11:33:12","date_gmt":"2025-12-19T11:33:12","guid":{"rendered":"https:\/\/www.europesays.com\/se\/111022\/"},"modified":"2025-12-19T11:33:12","modified_gmt":"2025-12-19T11:33:12","slug":"malte-stefansson-var-pa-vag-att-lamna-landslaget-skidskytte","status":"publish","type":"post","link":"https:\/\/www.europesays.com\/se\/111022\/","title":{"rendered":"Malte Stefansson var p\u00e5 v\u00e4g att l\u00e4mna landslaget | Skidskytte"},"content":{"rendered":"<p>Publicerad 19 dec 2025 kl 10.47<\/p>\n<p>Malte Stefansson har bel\u00f6nats med en biljett till OS i Italien.<\/p>\n<p>Detta efter en sommar d\u00e4r han \u00f6verv\u00e4gde att l\u00e4mna A-landslaget.<\/p>\n<p>\u2013 Nu blir det mer p\u00e5 skoj, s\u00e4ger han.<\/p>\n<p>Fem snabba med skidskyttarna<img   alt=\"\"\/><\/p>\n<p>Malte Stefansson.<\/p>\n<p>Foto: KALLE PARKKINEN \/ BILDBYR\u00c5N<\/p>\n<p>\u00d6ppna bild i helsk\u00e4rm<\/p>\n<p>2022 var han med som reserv.<\/p>\n<p>Nu har Malte Stefansson, med god framf\u00f6rh\u00e5llning, bel\u00f6nats med en plats i den svenska OS-truppen.<\/p>\n<p>Detta efter en s\u00e4songsstart som i v\u00e4rldscupen inneburit pallplats i stafett och ett personb\u00e4sta-resultat som femma i \u00d6stersund.<\/p>\n<p>Men det var n\u00e4ra att det inte blev n\u00e5got av det alls.<\/p>\n<p>Stefansson ska helt enkelt ha st\u00e4llt sin plats i A-landslaget till f\u00f6rfogande och erbjudit landslagsledningen att ge den till n\u00e5gon annan under sommaren.<\/p>\n<p>\u2013 Jag stod i valet och kvalet om jag skulle vara med, s\u00e4ger han.<\/p>\n<p>Stefansson: \u201dP\u00e5 liv och d\u00f6d&#8230;\u201d<\/p>\n<p>Efter diskussioner med f\u00f6rbundskaptenen \u00e4ndrade han sig.<\/p>\n<p>\u2013 Vi kom \u00f6verens jag och Johannes i f\u00f6rsta hand. Att det h\u00e4r nog blir det b\u00e4sta, s\u00e4ger Stefansson och forts\u00e4tter:<\/p>\n<p>\u2013 Jag bor i \u00d6stersund och det hade varit annorlunda om jag velat flytta. Men det underl\u00e4ttar att vara med i ett lag och bo i \u00d6stersund.<\/p>\n<p>25-\u00e5ringen fr\u00e5n Mora har inte bara skruvat p\u00e5 gev\u00e4ret, utan ocks\u00e5 p\u00e5 inst\u00e4llningen, den h\u00e4r s\u00e4songen.<\/p>\n<p>\u2013 Jag har t\u00e4nkt mer att skidskytte inte betyder allt. Det blir s\u00e5 n\u00e4r andra m\u00e5lar upp, som i media, att det \u00e4r p\u00e5 liv och d\u00f6d&#8230; nu blir det mer p\u00e5 skoj, s\u00e4ger Stefansson.<\/p>\n<p>Under helgen t\u00e4vlar landslaget i franska Annecy.<\/p>\n","protected":false},"excerpt":{"rendered":"Publicerad 19 dec 2025 kl 10.47 Malte Stefansson har bel\u00f6nats med en biljett till OS i Italien. Detta&hellip;\n","protected":false},"author":2,"featured_media":111023,"comment_status":"","ping_status":"","sticky":false,"template":"","format":"standard","meta":{"footnotes":""},"categories":[68],"tags":[2917,34,945,111,110,31,33,32,30],"class_list":{"0":"post-111022","1":"post","2":"type-post","3":"status-publish","4":"format-standard","5":"has-post-thumbnail","7":"category-sport","8":"tag-organization-sveriges-landslag-i-skidskytte","9":"tag-se","10":"tag-sections-skidskytte","11":"tag-sport","12":"tag-sports","13":"tag-svenska","14":"tag-sverige","15":"tag-sweden","16":"tag-swedish"},"share_on_mastodon":{"url":"https:\/\/pubeurope.com\/@se\/115746019965282725","error":""},"_links":{"self":[{"href":"https:\/\/www.europesays.com\/se\/wp-json\/wp\/v2\/posts\/111022","targetHints":{"allow":["GET"]}}],"collection":[{"href":"https:\/\/www.europesays.com\/se\/wp-json\/wp\/v2\/posts"}],"about":[{"href":"https:\/\/www.europesays.com\/se\/wp-json\/wp\/v2\/types\/post"}],"author":[{"embeddable":true,"href":"https:\/\/www.europesays.com\/se\/wp-json\/wp\/v2\/users\/2"}],"replies":[{"embeddable":true,"href":"https:\/\/www.europesays.com\/se\/wp-json\/wp\/v2\/comments?post=111022"}],"version-history":[{"count":0,"href":"https:\/\/www.europesays.com\/se\/wp-json\/wp\/v2\/posts\/111022\/revisions"}],"wp:featuredmedia":[{"embeddable":true,"href":"https:\/\/www.europesays.com\/se\/wp-json\/wp\/v2\/media\/111023"}],"wp:attachment":[{"href":"https:\/\/www.europesays.com\/se\/wp-json\/wp\/v2\/media?parent=111022"}],"wp:term":[{"taxonomy":"category","embeddable":true,"href":"https:\/\/www.europesays.com\/se\/wp-json\/wp\/v2\/categories?post=111022"},{"taxonomy":"post_tag","embeddable":true,"href":"https:\/\/www.europesays.com\/se\/wp-json\/wp\/v2\/tags?post=111022"}],"curies":[{"name":"wp","href":"https:\/\/api.w.org\/{rel}","templated":true}]}}