{"id":111026,"date":"2025-12-19T11:38:09","date_gmt":"2025-12-19T11:38:09","guid":{"rendered":"https:\/\/www.europesays.com\/se\/111026\/"},"modified":"2025-12-19T11:38:09","modified_gmt":"2025-12-19T11:38:09","slug":"ny-styrelse-for-stiftelsen-allmanna-barnhuset","status":"publish","type":"post","link":"https:\/\/www.europesays.com\/se\/111026\/","title":{"rendered":"Ny styrelse f\u00f6r Stiftelsen Allm\u00e4nna Barnhuset"},"content":{"rendered":"<p>&#13;<br \/>\nRegeringen f\u00f6rordnar nya ledam\u00f6ter i direktionen f\u00f6r Stiftelsen Allm\u00e4nna Barnhuset. De nya ledam\u00f6terna p\u00e5b\u00f6rjar uppdraget den 1 januari 2026. Beatrice Ask f\u00f6rordnas till direktionens ordf\u00f6rande. <\/p>\n<p>Stiftelsen Allm\u00e4nna Barnhuset \u00e4r en statlig stiftelse med uppdrag att utveckla och st\u00f6dja metod- och kunskapsutveckling med syfte att st\u00e4rka barn och ungdomar i socialt utsatta situationer. Stiftelsen Allm\u00e4nna Barnhuset leds av en direktion med en ordf\u00f6rande samt sex ledam\u00f6ter som alla utses av regeringen.<\/p>\n<p>\u2013 Jag \u00e4r glad att kunna utse Beatrice Ask till ordf\u00f6rande f\u00f6r Allm\u00e4nna Barnhusets styrelse. Med sin gedigna erfarenhet \u00e4r jag \u00f6vertygad om att hon tillsammans med \u00f6vriga styrelsen framg\u00e5ngsrikt kan driva stiftelsens arbete f\u00f6r att st\u00e4rka barn och ungdomar i socialt utsatta situationer, s\u00e4ger socialtj\u00e4nstminister Camilla Waltersson Gr\u00f6nvall.<\/p>\n<p>\u2013 M\u00e5nga barn m\u00e5r d\u00e5ligt och far illa. Att bidra till b\u00e4ttre f\u00f6rst\u00e5else och respekt f\u00f6r barns perspektiv och hur vuxna kan ge r\u00e4tt st\u00f6d \u00e4r viktigt. Det \u00e4r den anrika stiftelsens huvuduppgift. Tillsammans i styrelsen, med medarbetare och i samverkan med andra akt\u00f6rer kommer vi forts\u00e4tta utveckla insatser utifr\u00e5n de problem vi ser idag och fram\u00e5t, s\u00e4ger Beatrice Ask.<\/p>\n<p>Regeringen f\u00f6rordar den 18 december 2025 nya ledam\u00f6ter i stiftelsens direktion. Beatrice Ask f\u00f6rordnas till direktionens ordf\u00f6rande. Beatrice Ask har tidigare varit statsr\u00e5d p\u00e5 Utbildningsdepartementet och Justitiedepartementet. I mars 2025 l\u00e4mnade hon sitt uppdrag som landsh\u00f6vding i S\u00f6dermanlands i S\u00f6dermanlands l\u00e4n. Beatrice Ask \u00e4r \u00e4ven ordf\u00f6rande f\u00f6r Finansinspektionens styrelse.<\/p>\n<p>Till direktionen f\u00f6rordnas \u00e4ven riksdagsledamoten Fredrik Lundh Sammeli, kommunalr\u00e5det f\u00f6r Liberalerna i Malm\u00f6 Sara Wettergren, universitetslektorn och studierektorn Eva-Lotta Nilsson och professorn Anna Sarkadi.<\/p>\n<p>F\u00f6rordandet st\u00e4cker sig fr\u00e5n den 1 januari 2026 till den 31 december 2029.<\/p>\n","protected":false},"excerpt":{"rendered":"&#13; Regeringen f\u00f6rordnar nya ledam\u00f6ter i direktionen f\u00f6r Stiftelsen Allm\u00e4nna Barnhuset. De nya ledam\u00f6terna p\u00e5b\u00f6rjar uppdraget den 1&hellip;\n","protected":false},"author":2,"featured_media":67452,"comment_status":"","ping_status":"","sticky":false,"template":"","format":"standard","meta":{"footnotes":""},"categories":[12],"tags":[22,23,26,27,17,21,24,25,28,29,15,16,18,34,31,33,32,30,19,20],"class_list":{"0":"post-111026","1":"post","2":"type-post","3":"status-publish","4":"format-standard","5":"has-post-thumbnail","7":"category-sverige","8":"tag-breaking-news","9":"tag-breakingnews","10":"tag-featured-news","11":"tag-featurednews","12":"tag-headlines","13":"tag-huvudnyheter","14":"tag-latest-news","15":"tag-latestnews","16":"tag-main-news","17":"tag-mainnews","18":"tag-news","19":"tag-nyheter","20":"tag-rubriker","21":"tag-se","22":"tag-svenska","23":"tag-sverige","24":"tag-sweden","25":"tag-swedish","26":"tag-top-stories","27":"tag-topstories"},"share_on_mastodon":{"url":"https:\/\/pubeurope.com\/@se\/115746039711653377","error":""},"_links":{"self":[{"href":"https:\/\/www.europesays.com\/se\/wp-json\/wp\/v2\/posts\/111026","targetHints":{"allow":["GET"]}}],"collection":[{"href":"https:\/\/www.europesays.com\/se\/wp-json\/wp\/v2\/posts"}],"about":[{"href":"https:\/\/www.europesays.com\/se\/wp-json\/wp\/v2\/types\/post"}],"author":[{"embeddable":true,"href":"https:\/\/www.europesays.com\/se\/wp-json\/wp\/v2\/users\/2"}],"replies":[{"embeddable":true,"href":"https:\/\/www.europesays.com\/se\/wp-json\/wp\/v2\/comments?post=111026"}],"version-history":[{"count":0,"href":"https:\/\/www.europesays.com\/se\/wp-json\/wp\/v2\/posts\/111026\/revisions"}],"wp:featuredmedia":[{"embeddable":true,"href":"https:\/\/www.europesays.com\/se\/wp-json\/wp\/v2\/media\/67452"}],"wp:attachment":[{"href":"https:\/\/www.europesays.com\/se\/wp-json\/wp\/v2\/media?parent=111026"}],"wp:term":[{"taxonomy":"category","embeddable":true,"href":"https:\/\/www.europesays.com\/se\/wp-json\/wp\/v2\/categories?post=111026"},{"taxonomy":"post_tag","embeddable":true,"href":"https:\/\/www.europesays.com\/se\/wp-json\/wp\/v2\/tags?post=111026"}],"curies":[{"name":"wp","href":"https:\/\/api.w.org\/{rel}","templated":true}]}}