{"id":111034,"date":"2025-12-19T11:46:23","date_gmt":"2025-12-19T11:46:23","guid":{"rendered":"https:\/\/www.europesays.com\/se\/111034\/"},"modified":"2025-12-19T11:46:23","modified_gmt":"2025-12-19T11:46:23","slug":"lansstyrelsen-overklagar-dom-om-stoppad-licensjakt-pa-varg-lansstyrelsen","status":"publish","type":"post","link":"https:\/\/www.europesays.com\/se\/111034\/","title":{"rendered":"L\u00e4nsstyrelsen \u00f6verklagar dom om stoppad licensjakt p\u00e5 varg &#8211; L\u00e4nsstyrelsen"},"content":{"rendered":"<ol>\n<li><a href=\"https:\/\/news.google.com\/rss\/articles\/CBMi_wFBVV95cUxQWEFoTGNpUERfZlhqUzBVU3pOOExXRE5POEdrdDN1SS1ZbGhVMFB2a1R0V2ZDcGwwNnBidlp1SHUtNXZSOVNWVkNBNS1mR3JPRWp1aVAwbkNLVXpfc1QtVkVZLXBvS25mc1RqR1ZBQklSd2dpb1ZHUFBDTUJrQWhmX1dXdFdtTlNmSmtjT05lNENvWE1DR2JqX0IzZm5qZmJzUGZwYmhVNExPRERqM1VCTmtHUWdYeDU1MnE5XzlnUU53ZTBOcGpkZzh0bW5JUmd6R05paFoxRV9uSUx4eTgydzVKeDJJVUpGcERCNUZkQjRSeUdwa25yRzE5S01sbW8?oc=5\" target=\"_blank\" rel=\"nofollow noopener\">L\u00e4nsstyrelsen \u00f6verklagar dom om stoppad licensjakt p\u00e5 varg<\/a>&nbsp;&nbsp;L\u00e4nsstyrelsen<\/li>\n<li><a href=\"https:\/\/news.google.com\/rss\/articles\/CBMigwFBVV95cUxPLV9qSkNJc0tWN1g5R2lPbUNyUXpvRGM4eDY3cjhBZmdtZ3RZMGxnNDUyTW9lUVJTeE1IVlFQTzl6VXhUaHFELUR3Z1F5aTh3ekgtUkxCcU5Lcm4zNk93SlEydk5tZENKRFc3M01lZ3Y2TDlrdDZ3b1RkVWI2WUJoRFhMYw?oc=5\" target=\"_blank\" rel=\"nofollow noopener\">\u201dSVT:s inslag om stoppad vargjakt m\u00e5ste granskas\u201d<\/a>&nbsp;&nbsp;Svensk Jakt<\/li>\n<li><a href=\"https:\/\/news.google.com\/rss\/articles\/CBMikAFBVV95cUxQVFBFdHpZUm0tV1NydENYWHZjM0JQT0k5Q1VHRFlUVXNRNDVGMGN3ekY0VzFlQVVraFkzUXh3RGVpaXkxZXJuOFhhS1YzOGIwdVJ4N2lKRzIzdmdIa0JxRlVPWEp0eWFna3c0NnQxNVFDclVvU0JDTlRzWkpCUVFyWU9DLVVBQjV2VFp0NG1TdnE?oc=5\" target=\"_blank\" rel=\"nofollow noopener\">Trots tredubblad vargstam \u2013 angrepp \u00f6kar inte<\/a>&nbsp;&nbsp;Aftonbladet<\/li>\n<li><a href=\"https:\/\/news.google.com\/rss\/articles\/CBMisgFBVV95cUxOOWhfV2lZUlhVeG9Rb21RQ1NtUnFEcG1PNDhtQ0dUSVltWXZha1BuS3l6Z3hKZHRNSE1LTER0ZDNuaUcxZjRqcXJseTB1X1ZYUllqR2s0OTBkVUJycFRaUk1UUjFyUF9HQmpKZXd1ZmhQVWowUFpueUFhbnpBY0lZVU1DYllyOW1mSGtQRjZBenZhZzN6UXJsa2R5bWtrMXZLelNBUG1PWFJLVTJuWGFYdUlB?oc=5\" target=\"_blank\" rel=\"nofollow noopener\">Hedin rasar efter stoppad vargjakt: \u201dL\u00e5t landet sv\u00e4mma \u00f6ver av varg\u201d<\/a>&nbsp;&nbsp;Jakt &amp; J\u00e4gare<\/li>\n<li><a href=\"https:\/\/news.google.com\/rss\/articles\/CBMilgFBVV95cUxNcDUwYXVkUWZIMG0xZklZOElDOExka3FxdEdQcHFNRDFtUkRSMEhCOVJBekZtTG44V0RrQjdIWkItZGlDVWJpRzctZW5qX2puMzJBRDh5SlB0dDlQRFhEVHpzdlp1dkxzSGptdXpvc0JuQVFHQmc3TC1YZnAzV3E3Yzl1alI2cThfZ0lHejdyUXR0Tnp2TGc?oc=5\" target=\"_blank\" rel=\"nofollow noopener\">Trots tredubblad vargstam \u2013 angrepp p\u00e5 tamdjur har inte \u00f6kat &#8211; Vetenskapsradion Nyheter<\/a>&nbsp;&nbsp;Sveriges Radio<\/li>\n<\/ol>\n","protected":false},"excerpt":{"rendered":"L\u00e4nsstyrelsen \u00f6verklagar dom om stoppad licensjakt p\u00e5 varg&nbsp;&nbsp;L\u00e4nsstyrelsen \u201dSVT:s inslag om stoppad vargjakt m\u00e5ste granskas\u201d&nbsp;&nbsp;Svensk Jakt Trots tredubblad&hellip;\n","protected":false},"author":2,"featured_media":1096,"comment_status":"","ping_status":"","sticky":false,"template":"","format":"standard","meta":{"footnotes":""},"categories":[12],"tags":[22,23,26,27,17,21,24,25,28,29,15,16,18,34,31,33,32,30,19,20],"class_list":{"0":"post-111034","1":"post","2":"type-post","3":"status-publish","4":"format-standard","5":"has-post-thumbnail","7":"category-sverige","8":"tag-breaking-news","9":"tag-breakingnews","10":"tag-featured-news","11":"tag-featurednews","12":"tag-headlines","13":"tag-huvudnyheter","14":"tag-latest-news","15":"tag-latestnews","16":"tag-main-news","17":"tag-mainnews","18":"tag-news","19":"tag-nyheter","20":"tag-rubriker","21":"tag-se","22":"tag-svenska","23":"tag-sverige","24":"tag-sweden","25":"tag-swedish","26":"tag-top-stories","27":"tag-topstories"},"share_on_mastodon":{"url":"https:\/\/pubeurope.com\/@se\/115746071107663188","error":""},"_links":{"self":[{"href":"https:\/\/www.europesays.com\/se\/wp-json\/wp\/v2\/posts\/111034","targetHints":{"allow":["GET"]}}],"collection":[{"href":"https:\/\/www.europesays.com\/se\/wp-json\/wp\/v2\/posts"}],"about":[{"href":"https:\/\/www.europesays.com\/se\/wp-json\/wp\/v2\/types\/post"}],"author":[{"embeddable":true,"href":"https:\/\/www.europesays.com\/se\/wp-json\/wp\/v2\/users\/2"}],"replies":[{"embeddable":true,"href":"https:\/\/www.europesays.com\/se\/wp-json\/wp\/v2\/comments?post=111034"}],"version-history":[{"count":0,"href":"https:\/\/www.europesays.com\/se\/wp-json\/wp\/v2\/posts\/111034\/revisions"}],"wp:featuredmedia":[{"embeddable":true,"href":"https:\/\/www.europesays.com\/se\/wp-json\/wp\/v2\/media\/1096"}],"wp:attachment":[{"href":"https:\/\/www.europesays.com\/se\/wp-json\/wp\/v2\/media?parent=111034"}],"wp:term":[{"taxonomy":"category","embeddable":true,"href":"https:\/\/www.europesays.com\/se\/wp-json\/wp\/v2\/categories?post=111034"},{"taxonomy":"post_tag","embeddable":true,"href":"https:\/\/www.europesays.com\/se\/wp-json\/wp\/v2\/tags?post=111034"}],"curies":[{"name":"wp","href":"https:\/\/api.w.org\/{rel}","templated":true}]}}