{"id":111035,"date":"2025-12-19T11:47:09","date_gmt":"2025-12-19T11:47:09","guid":{"rendered":"https:\/\/www.europesays.com\/se\/111035\/"},"modified":"2025-12-19T11:47:09","modified_gmt":"2025-12-19T11:47:09","slug":"malmer-stenergard-har-obekraftade-uppgifter-om-dodsdom-mot-spionanklagad-svensk","status":"publish","type":"post","link":"https:\/\/www.europesays.com\/se\/111035\/","title":{"rendered":"Malmer Stenergard: Har obekr\u00e4ftade uppgifter om d\u00f6dsdom mot spionanklagad svensk"},"content":{"rendered":"<p>Nyligen bekr\u00e4ftade UD att en person med svenskt medborgarskap sitter frihetsber\u00f6vad i Iran. Enligt landets domstolsv\u00e4sende ska mannen vara anklagad f\u00f6r spioneri.<\/p>\n<p>\u201dUD och ambassaden i Teheran \u00e4r i kontakt med anh\u00f6riga. Mannen \u00e4r representerad av ett juridiskt ombud. Av h\u00e4nsyn till konsul\u00e4r sekretess och f\u00f6r att inte f\u00f6rsv\u00e5ra v\u00e5rt arbete g\u00e5r vi inte in i ytterligare detaljer\u201d, uppgav utrikesminister Maria Malmer Stenergard (M) till SVT tidigare i veckan.<\/p>\n<p>Obekr\u00e4ftade uppgifter om d\u00f6dsdom<\/p>\n<p>I samband med en presstr\u00e4ff p\u00e5 fredagen utvecklar utrikesministern l\u00e4get kring den spionanklagade mannen.<\/p>\n<p>\u2013 UD har tagit del av information att mannen har d\u00f6mts till d\u00f6dsstraff i f\u00f6rsta instansen. Detta \u00e4r dock obekr\u00e4ftade uppgifter, s\u00e4ger Malmer Stenergard.<\/p>\n<p>Enligt utrikesministern ska UD i onsdags ha kallat upp Irans ambassad\u00f6r f\u00f6r att framf\u00f6ra en protest mot domen.<\/p>\n<p>Maria Malmer Stenergard uppger att hon precis som tidigare inte n\u00e4rmare kan g\u00e5 in p\u00e5 detaljer kring \u00e4rendet med h\u00e4nvisning till sekretess, och f\u00f6r att inte f\u00f6rsv\u00e5ra UD:s p\u00e5g\u00e5ende arbete.<\/p>\n<p>Tidigare har AFP rapporterat att mannen som ska ha b\u00e5de svenskt och iranskt medborgarskap har suttit f\u00e4ngslad sedan i somras. Gripandet ska ha skett i samband med tolvdagarskriget mellan Iran och Israel och mannen ska st\u00e5 anklagad f\u00f6r spioneri f\u00f6r Israels r\u00e4kning.<\/p>\n","protected":false},"excerpt":{"rendered":"Nyligen bekr\u00e4ftade UD att en person med svenskt medborgarskap sitter frihetsber\u00f6vad i Iran. Enligt landets domstolsv\u00e4sende ska mannen&hellip;\n","protected":false},"author":2,"featured_media":111036,"comment_status":"","ping_status":"","sticky":false,"template":"","format":"standard","meta":{"footnotes":""},"categories":[5],"tags":[22,23,26,27,17,21,24,25,28,29,15,16,18,34,31,33,32,30,19,20],"class_list":{"0":"post-111035","1":"post","2":"type-post","3":"status-publish","4":"format-standard","5":"has-post-thumbnail","7":"category-rubriker","8":"tag-breaking-news","9":"tag-breakingnews","10":"tag-featured-news","11":"tag-featurednews","12":"tag-headlines","13":"tag-huvudnyheter","14":"tag-latest-news","15":"tag-latestnews","16":"tag-main-news","17":"tag-mainnews","18":"tag-news","19":"tag-nyheter","20":"tag-rubriker","21":"tag-se","22":"tag-svenska","23":"tag-sverige","24":"tag-sweden","25":"tag-swedish","26":"tag-top-stories","27":"tag-topstories"},"share_on_mastodon":{"url":"https:\/\/pubeurope.com\/@se\/115746074963625536","error":""},"_links":{"self":[{"href":"https:\/\/www.europesays.com\/se\/wp-json\/wp\/v2\/posts\/111035","targetHints":{"allow":["GET"]}}],"collection":[{"href":"https:\/\/www.europesays.com\/se\/wp-json\/wp\/v2\/posts"}],"about":[{"href":"https:\/\/www.europesays.com\/se\/wp-json\/wp\/v2\/types\/post"}],"author":[{"embeddable":true,"href":"https:\/\/www.europesays.com\/se\/wp-json\/wp\/v2\/users\/2"}],"replies":[{"embeddable":true,"href":"https:\/\/www.europesays.com\/se\/wp-json\/wp\/v2\/comments?post=111035"}],"version-history":[{"count":0,"href":"https:\/\/www.europesays.com\/se\/wp-json\/wp\/v2\/posts\/111035\/revisions"}],"wp:featuredmedia":[{"embeddable":true,"href":"https:\/\/www.europesays.com\/se\/wp-json\/wp\/v2\/media\/111036"}],"wp:attachment":[{"href":"https:\/\/www.europesays.com\/se\/wp-json\/wp\/v2\/media?parent=111035"}],"wp:term":[{"taxonomy":"category","embeddable":true,"href":"https:\/\/www.europesays.com\/se\/wp-json\/wp\/v2\/categories?post=111035"},{"taxonomy":"post_tag","embeddable":true,"href":"https:\/\/www.europesays.com\/se\/wp-json\/wp\/v2\/tags?post=111035"}],"curies":[{"name":"wp","href":"https:\/\/api.w.org\/{rel}","templated":true}]}}