{"id":111037,"date":"2025-12-19T11:49:23","date_gmt":"2025-12-19T11:49:23","guid":{"rendered":"https:\/\/www.europesays.com\/se\/111037\/"},"modified":"2025-12-19T11:49:23","modified_gmt":"2025-12-19T11:49:23","slug":"robin-kovacs-anmald-till-disciplinnamnden-efter-gesten-mot-djurgarden-shl","status":"publish","type":"post","link":"https:\/\/www.europesays.com\/se\/111037\/","title":{"rendered":"Robin Kovacs anm\u00e4ld till disciplinn\u00e4mnden efter gesten mot Djurg\u00e5rden | SHL"},"content":{"rendered":"<p>Publicerad 19 dec 2025 kl 08.02Uppdaterad kl 09.09<\/p>\n<p>Robin Kovacs \u00e4r anm\u00e4ld till svenska ishockeyf\u00f6rbundets disciplinn\u00e4mnd.<\/p>\n<p>Efter sin kritiserade gest mot Djurg\u00e5rdens klack i torsdagens SHL-match har han anm\u00e4lts, skriver SHL p\u00e5 sin hemsida.<\/p>\n<p><img   alt=\"\"\/> <\/p>\n<p>Foto: MAGNUS ANDERSSON \/ BILDBYR\u00c5N<\/p>\n<p>\u00d6ppna bild i helsk\u00e4rm<\/p>\n<p>N\u00e4r Robin Kovacs l\u00e4mnade isen efter Link\u00f6pings seger mot Djurg\u00e5rden s\u00e5 \u00e5ker hemmaspelarna f\u00f6rbi bortasektionen i Saab arena, som visade sitt missn\u00f6je mot den tidigare AIK-spelaren.<\/p>\n<p>Robin Kovacs var inte sen att svara tillbaka.<\/p>\n<p>Med ett l\u00e5ngfinger in i munnen gestikulerade han tillbaka, och fick mota kritik fr\u00e5n bland annat TV4-experten Petter R\u00f6nnqvist.<\/p>\n<p>\u2013 Det var lite att g\u00e5 \u00f6ver gr\u00e4nsen. Robin Kovacs har det h\u00e4r problemet att han kliver \u00f6ver gr\u00e4nser ibland. Man kan gilla det n\u00e4r han h\u00e5ller sig p\u00e5 r\u00e4tt gr\u00e4nsen. Lite larvigt, sa R\u00f6nnqvist.<\/p>\n<p>\u201dGrovt osportsligt\u201d<\/p>\n<p>Nu har Robin Kovacs anm\u00e4lts till disciplinn\u00e4mnden.<\/p>\n<p>\u201dRobin Kovacs i Link\u00f6ping l\u00e4mnar isen som en av de sista spelarna i andra perioden. N\u00e4r han kommer fram till spelarutg\u00e5ngen s\u00e5 suger han p\u00e5 sitt v\u00e4nstra l\u00e5ngfinger f\u00f6r att sedan visa det till publiken. Detta \u00e4r ett grovt osportsligt uppf\u00f6rande\u201d, st\u00e5r det i anm\u00e4lan.<\/p>\n<p>Att spelare anm\u00e4ls och straffas f\u00f6r gester \u00e4r mycket ovanligt. <a href=\"https:\/\/www.expressen.se\/sport\/hockey\/shl\/shl-stjarnan-anmald-for-onanigest-i-derbyt\/\" rel=\"nofollow noopener\" target=\"_blank\">Daniel Widing f\u00e4lldes<\/a> f\u00f6r en gest 2015 och <a href=\"https:\/\/www.expressen.se\/sport\/hockey\/shl\/shinnimin-anmals-for-langfingret\/\" rel=\"nofollow noopener\" target=\"_blank\">Brendan Shinnimin f\u00e4lldes<\/a> f\u00f6r att ha pekat l\u00e5ngfinger mot Lule\u00e5s klack n\u00e4r han spelade f\u00f6r V\u00e4xj\u00f6.<\/p>\n<p>Ett eventuellt beslut om vidare straff beslutas under fredagen.<\/p>\n<p><strong>L\u00c4S MER: <\/strong><a href=\"https:\/\/www.expressen.se\/sport\/hockey\/shl\/robin-kovacs-kritiseras-for-sina-gester-helt-onodigt\/\" class=\"\" rel=\"nofollow noopener\" target=\"_blank\">Robin Kovacs kritiseras f\u00f6r sina gester: \u201dHelt on\u00f6digt\u201d<\/a><\/p>\n","protected":false},"excerpt":{"rendered":"Publicerad 19 dec 2025 kl 08.02Uppdaterad kl 09.09 Robin Kovacs \u00e4r anm\u00e4ld till svenska ishockeyf\u00f6rbundets disciplinn\u00e4mnd. Efter sin&hellip;\n","protected":false},"author":2,"featured_media":111038,"comment_status":"","ping_status":"","sticky":false,"template":"","format":"standard","meta":{"footnotes":""},"categories":[68],"tags":[814,2025,1179,34,255,823,111,110,31,33,32,30],"class_list":{"0":"post-111037","1":"post","2":"type-post","3":"status-publish","4":"format-standard","5":"has-post-thumbnail","7":"category-sport","8":"tag-organization-djurgarden-hockey","9":"tag-organization-linkoping-hc","10":"tag-organization-shl","11":"tag-se","12":"tag-sections-ishockey","13":"tag-sections-shl","14":"tag-sport","15":"tag-sports","16":"tag-svenska","17":"tag-sverige","18":"tag-sweden","19":"tag-swedish"},"share_on_mastodon":{"url":"https:\/\/pubeurope.com\/@se\/115746082951340510","error":""},"_links":{"self":[{"href":"https:\/\/www.europesays.com\/se\/wp-json\/wp\/v2\/posts\/111037","targetHints":{"allow":["GET"]}}],"collection":[{"href":"https:\/\/www.europesays.com\/se\/wp-json\/wp\/v2\/posts"}],"about":[{"href":"https:\/\/www.europesays.com\/se\/wp-json\/wp\/v2\/types\/post"}],"author":[{"embeddable":true,"href":"https:\/\/www.europesays.com\/se\/wp-json\/wp\/v2\/users\/2"}],"replies":[{"embeddable":true,"href":"https:\/\/www.europesays.com\/se\/wp-json\/wp\/v2\/comments?post=111037"}],"version-history":[{"count":0,"href":"https:\/\/www.europesays.com\/se\/wp-json\/wp\/v2\/posts\/111037\/revisions"}],"wp:featuredmedia":[{"embeddable":true,"href":"https:\/\/www.europesays.com\/se\/wp-json\/wp\/v2\/media\/111038"}],"wp:attachment":[{"href":"https:\/\/www.europesays.com\/se\/wp-json\/wp\/v2\/media?parent=111037"}],"wp:term":[{"taxonomy":"category","embeddable":true,"href":"https:\/\/www.europesays.com\/se\/wp-json\/wp\/v2\/categories?post=111037"},{"taxonomy":"post_tag","embeddable":true,"href":"https:\/\/www.europesays.com\/se\/wp-json\/wp\/v2\/tags?post=111037"}],"curies":[{"name":"wp","href":"https:\/\/api.w.org\/{rel}","templated":true}]}}