{"id":111043,"date":"2025-12-19T11:54:10","date_gmt":"2025-12-19T11:54:10","guid":{"rendered":"https:\/\/www.europesays.com\/se\/111043\/"},"modified":"2025-12-19T11:54:10","modified_gmt":"2025-12-19T11:54:10","slug":"status-lanestahallen-2026-trosa-kommun","status":"publish","type":"post","link":"https:\/\/www.europesays.com\/se\/111043\/","title":{"rendered":"Status L\u00e5nestahallen 2026 &#8211; Trosa kommun"},"content":{"rendered":"<p>Sedan L\u00e5nestahallens hastiga nedst\u00e4ngning i slutet av november har en utredning p\u00e5g\u00e5tt i n\u00e4ra dialog med konstrukt\u00f6rer om hallens m\u00f6jligheter att \u00f6ppna upp. Efter inledande f\u00f6rsiktigt positiva bed\u00f6mningar tycks det allt sv\u00e5rare att kunna ge de garantier som beh\u00f6vs f\u00f6r att sl\u00e4ppa in f\u00f6reningar redan efter \u00e5rsskiftet.<\/p>\n<p>Fuktproblem i t\u00e4ltdukens olika lager \u00e4r grunden till nedst\u00e4ngningen. Att ta bort fukten fram till \u00e5rsskiftet ses som m\u00f6jligt, men d\u00e4remot \u00e4r det sv\u00e5rbed\u00f6mt om det g\u00e5r att h\u00e5lla borta fukten under perioden januari-mars vilket skulle kunna f\u00f6ranleda en ny hastig nedst\u00e4ngning. Den os\u00e4kerheten i planeringen ska inte f\u00f6reningarna beh\u00f6va drabbas av. D\u00e4rf\u00f6r v\u00e4ljer Trosa kommun att inte \u00f6ppna upp L\u00e5nestahallen efter \u00e5rsskiftet.<\/p>\n<p>F\u00f6reningar som har haft halltider i L\u00e5nestahallen erbjuds tider i andra hallar runt om i kommunens t\u00e4torter. Det finns d\u00e5 m\u00f6jlighet att erbjuda samma tider som man hade fram till nedst\u00e4ngningen men i andra hallar. I m\u00e5nga fall \u00e4r det i mindre hallar vilket medf\u00f6r andra tr\u00e4ningsf\u00f6ruts\u00e4ttningar f\u00f6r f\u00f6reningarna. Trosa kommun f\u00f6rst\u00e5r att det kommer att vara en utmanande period f\u00f6r f\u00f6reningarna men det r\u00f6r sig om provisoriska l\u00f6sningar d\u00e4r vi tillsammans arbetar f\u00f6r h\u00e5llbara l\u00e5ngsiktiga l\u00f6sningar.<\/p>\n<p>Parallellt tittar Trosa kommun \u00e4ven p\u00e5 hallar i s\u00e5v\u00e4l privat \u00e4go som n\u00e4rliggande kommuner. Det viktiga \u00e4r att hitta l\u00f6sningar som \u00e4r s\u00e5v\u00e4l realistiska, som f\u00f6rankrade hos f\u00f6reningarna. Restid, kostnad och behov blir d\u00e5 utg\u00e5ngspunkterna i dialogen mellan Trosa kommun och f\u00f6reningarna.<\/p>\n<p>I ett mer l\u00e5ngsiktigt perspektiv arbetas det med att ta fram ett f\u00f6rslag p\u00e5 en ny tr\u00e4ningshall p\u00e5 samma plats som L\u00e5nestahallen, som skulle vara av en h\u00f6gre standard \u00e4n idag med bland annat ny grundl\u00e4ggning och en permanent fasad ist\u00e4llet f\u00f6r den nuvarande duken. Det f\u00f6rslaget har som utg\u00e5ngspunkt en hall som skulle kunna st\u00e5 i 25 \u00e5r. En renovering av L\u00e5nestahallen \u00e4r sedan tidigare inplanerad att inledas i april och skulle med det nya f\u00f6rslaget p\u00e5g\u00e5 2026 ut.<\/p>\n<p>Det \u00e4r viktigt att understryka att nedst\u00e4ngningen kom hastigt och \u00e4ndrade f\u00f6ruts\u00e4ttningar som s\u00e5 sent som f\u00f6r 6 m\u00e5nader sedan var v\u00e4sentligt annorlunda. Inga formella beslut har fattats \u00e4nnu vilket kan ske tidigast efter \u00e5rsskiftet. Trosa kommun f\u00f6rs\u00f6ker d\u00e4rf\u00f6r att arbeta p\u00e5 flera sp\u00e5r samtidigt och st\u00e4nger inga d\u00f6rrar. En n\u00e4ra och konstruktiv dialog med f\u00f6reningarna \u00e4r en f\u00f6ruts\u00e4ttning, och d\u00e4r ser vi redan en god samarbetsvilja och m\u00e5nga kreativa f\u00f6rslag.<\/p>\n","protected":false},"excerpt":{"rendered":"Sedan L\u00e5nestahallens hastiga nedst\u00e4ngning i slutet av november har en utredning p\u00e5g\u00e5tt i n\u00e4ra dialog med konstrukt\u00f6rer om&hellip;\n","protected":false},"author":2,"featured_media":111044,"comment_status":"","ping_status":"","sticky":false,"template":"","format":"standard","meta":{"footnotes":""},"categories":[12],"tags":[22,23,26,27,17,21,24,25,28,29,15,16,18,34,31,33,32,30,19,20],"class_list":{"0":"post-111043","1":"post","2":"type-post","3":"status-publish","4":"format-standard","5":"has-post-thumbnail","7":"category-sverige","8":"tag-breaking-news","9":"tag-breakingnews","10":"tag-featured-news","11":"tag-featurednews","12":"tag-headlines","13":"tag-huvudnyheter","14":"tag-latest-news","15":"tag-latestnews","16":"tag-main-news","17":"tag-mainnews","18":"tag-news","19":"tag-nyheter","20":"tag-rubriker","21":"tag-se","22":"tag-svenska","23":"tag-sverige","24":"tag-sweden","25":"tag-swedish","26":"tag-top-stories","27":"tag-topstories"},"share_on_mastodon":{"url":"https:\/\/pubeurope.com\/@se\/115746102643032835","error":""},"_links":{"self":[{"href":"https:\/\/www.europesays.com\/se\/wp-json\/wp\/v2\/posts\/111043","targetHints":{"allow":["GET"]}}],"collection":[{"href":"https:\/\/www.europesays.com\/se\/wp-json\/wp\/v2\/posts"}],"about":[{"href":"https:\/\/www.europesays.com\/se\/wp-json\/wp\/v2\/types\/post"}],"author":[{"embeddable":true,"href":"https:\/\/www.europesays.com\/se\/wp-json\/wp\/v2\/users\/2"}],"replies":[{"embeddable":true,"href":"https:\/\/www.europesays.com\/se\/wp-json\/wp\/v2\/comments?post=111043"}],"version-history":[{"count":0,"href":"https:\/\/www.europesays.com\/se\/wp-json\/wp\/v2\/posts\/111043\/revisions"}],"wp:featuredmedia":[{"embeddable":true,"href":"https:\/\/www.europesays.com\/se\/wp-json\/wp\/v2\/media\/111044"}],"wp:attachment":[{"href":"https:\/\/www.europesays.com\/se\/wp-json\/wp\/v2\/media?parent=111043"}],"wp:term":[{"taxonomy":"category","embeddable":true,"href":"https:\/\/www.europesays.com\/se\/wp-json\/wp\/v2\/categories?post=111043"},{"taxonomy":"post_tag","embeddable":true,"href":"https:\/\/www.europesays.com\/se\/wp-json\/wp\/v2\/tags?post=111043"}],"curies":[{"name":"wp","href":"https:\/\/api.w.org\/{rel}","templated":true}]}}