{"id":111045,"date":"2025-12-19T11:55:25","date_gmt":"2025-12-19T11:55:25","guid":{"rendered":"https:\/\/www.europesays.com\/se\/111045\/"},"modified":"2025-12-19T11:55:25","modified_gmt":"2025-12-19T11:55:25","slug":"forskare-chat-gpt-battre-an-kriminalpolitiken-svd","status":"publish","type":"post","link":"https:\/\/www.europesays.com\/se\/111045\/","title":{"rendered":"Forskare: Chat GPT b\u00e4ttre \u00e4n kriminalpolitiken &#8211; SvD"},"content":{"rendered":"<ol>\n<li><a href=\"https:\/\/news.google.com\/rss\/articles\/CBMifkFVX3lxTE5oZ2M5ZThrandXRURWWERsNzNpWlVncW9xdTB2OGtXQVh5RVU2WVpjNl81QmhfZEs0bXBWVEpiX1Rpc3ZCYnNoQ0ltU25zczNkel9ucEt4bFBpcXd4cWoyTlVlWnY3d0g2MlFtYjlnb0lVVmtZX0lyUHVzb3BmZw?oc=5\" target=\"_blank\" rel=\"nofollow noopener\">Forskare: Chat GPT b\u00e4ttre \u00e4n kriminalpolitiken<\/a>&nbsp;&nbsp;SvD<\/li>\n<li><a href=\"https:\/\/news.google.com\/rss\/articles\/CBMinAFBVV95cUxQbGd5b1I5RDBOQUJRRnNGX3ZUUWhDLWsxODNTeklsTmZtOFlnU1hlNUF6d2FGRUR1MGRpVXZOWmJXNUFVeUE2cE1XU0dKakc4ZFRyaXV3NTNTUktZWXB2NGpDejdkNjR0VXpZdVZhTDJpSWozc2hLX0ZIOVlwbjdJOXl6ZHNXNTQxcEpRNldtY2ZyVXZFSWlHVGVWNlA?oc=5\" target=\"_blank\" rel=\"nofollow noopener\">Medborgarskap ska dras in snabbt \u2013 tid\u00f6partiernas krav<\/a>&nbsp;&nbsp;Expressen<\/li>\n<li><a href=\"https:\/\/news.google.com\/rss\/articles\/CBMinwFBVV95cUxONmlmYm1rZ0NyUXY3UllVQWd3RWtIUU5QMmc2cDVzUnNveFZIMU1NeTJiNWR4dGF6b0hYUjF4dm9lV0pSVldoNEJxMXVJckNOeUlXa0NVZ3FiRmZqd09BQk9SdWg2U3hNVVdjd1lzTzI3NjQ4eDNOTnFyQjZtdVp1cUlONDJiVm5UdTU1NWhvWmo1RVZ1aHBaUFlQS0U1VzA?oc=5\" target=\"_blank\" rel=\"nofollow noopener\">Danmarks politiska mognad saknas i Sverige<\/a>&nbsp;&nbsp;Aftonbladet<\/li>\n<li><a href=\"https:\/\/news.google.com\/rss\/articles\/CBMihAFBVV95cUxQVG83eGdKcUJTbjBhbGpXOGViMHNFTnhhUFlIeFp4NUFaaWVEN1hDajF0czlxM2p4anZWWGtndFBVSGpWYms1NTNxSkdHdlpSeC1NMDE2MHE4MFBaclRIOXB6M0lPRnAwSno5OFJLNXAwMmRyNGFJQTBCVmpWSUJPSGMyN00?oc=5\" target=\"_blank\" rel=\"nofollow noopener\">608: Str\u00f6mmer och det krimpolitiska spelet 18 december 2025 &#8211; Det politiska spelet<\/a>&nbsp;&nbsp;Sveriges Radio<\/li>\n<li><a href=\"https:\/\/news.google.com\/rss\/articles\/CBMioAFBVV95cUxNYm8zc3FJaUpGalRJc2lWbFEyLXZ2TGZrRmVEak9DOTh1UHp4NFQwYm9OeWFhYkl5MTN0eGprOHRMUC1oT215UlFuOVg4SjZCTzZfSU1YLXVhODF4NWRiUzVPN21saGFfRW5Ed2J6Wi1ZT3VNTFltWldVVXZXN2dwOEx4WWs1bmxjRFBBRk91azB4cHFLLUM5UlpnbEhYRFJF?oc=5\" target=\"_blank\" rel=\"nofollow noopener\">Str\u00f6mmer om misst\u00e4nkt 12-\u00e5ring: Bekr\u00e4ftar det vi ser \u2013 Senaste nytt om valet 2026<\/a>&nbsp;&nbsp;SVT Nyheter<\/li>\n<\/ol>\n","protected":false},"excerpt":{"rendered":"Forskare: Chat GPT b\u00e4ttre \u00e4n kriminalpolitiken&nbsp;&nbsp;SvD Medborgarskap ska dras in snabbt \u2013 tid\u00f6partiernas krav&nbsp;&nbsp;Expressen Danmarks politiska mognad saknas&hellip;\n","protected":false},"author":2,"featured_media":111046,"comment_status":"","ping_status":"","sticky":false,"template":"","format":"standard","meta":{"footnotes":""},"categories":[5],"tags":[22,23,26,27,17,21,24,25,28,29,15,16,18,34,31,33,32,30,19,20],"class_list":{"0":"post-111045","1":"post","2":"type-post","3":"status-publish","4":"format-standard","5":"has-post-thumbnail","7":"category-rubriker","8":"tag-breaking-news","9":"tag-breakingnews","10":"tag-featured-news","11":"tag-featurednews","12":"tag-headlines","13":"tag-huvudnyheter","14":"tag-latest-news","15":"tag-latestnews","16":"tag-main-news","17":"tag-mainnews","18":"tag-news","19":"tag-nyheter","20":"tag-rubriker","21":"tag-se","22":"tag-svenska","23":"tag-sverige","24":"tag-sweden","25":"tag-swedish","26":"tag-top-stories","27":"tag-topstories"},"share_on_mastodon":{"url":"https:\/\/pubeurope.com\/@se\/115746106440542153","error":""},"_links":{"self":[{"href":"https:\/\/www.europesays.com\/se\/wp-json\/wp\/v2\/posts\/111045","targetHints":{"allow":["GET"]}}],"collection":[{"href":"https:\/\/www.europesays.com\/se\/wp-json\/wp\/v2\/posts"}],"about":[{"href":"https:\/\/www.europesays.com\/se\/wp-json\/wp\/v2\/types\/post"}],"author":[{"embeddable":true,"href":"https:\/\/www.europesays.com\/se\/wp-json\/wp\/v2\/users\/2"}],"replies":[{"embeddable":true,"href":"https:\/\/www.europesays.com\/se\/wp-json\/wp\/v2\/comments?post=111045"}],"version-history":[{"count":0,"href":"https:\/\/www.europesays.com\/se\/wp-json\/wp\/v2\/posts\/111045\/revisions"}],"wp:featuredmedia":[{"embeddable":true,"href":"https:\/\/www.europesays.com\/se\/wp-json\/wp\/v2\/media\/111046"}],"wp:attachment":[{"href":"https:\/\/www.europesays.com\/se\/wp-json\/wp\/v2\/media?parent=111045"}],"wp:term":[{"taxonomy":"category","embeddable":true,"href":"https:\/\/www.europesays.com\/se\/wp-json\/wp\/v2\/categories?post=111045"},{"taxonomy":"post_tag","embeddable":true,"href":"https:\/\/www.europesays.com\/se\/wp-json\/wp\/v2\/tags?post=111045"}],"curies":[{"name":"wp","href":"https:\/\/api.w.org\/{rel}","templated":true}]}}