{"id":111055,"date":"2025-12-19T12:01:09","date_gmt":"2025-12-19T12:01:09","guid":{"rendered":"https:\/\/www.europesays.com\/se\/111055\/"},"modified":"2025-12-19T12:01:09","modified_gmt":"2025-12-19T12:01:09","slug":"ukraina-har-bombat-fartyg-i-skuggflottan","status":"publish","type":"post","link":"https:\/\/www.europesays.com\/se\/111055\/","title":{"rendered":"Ukraina har bombat fartyg i skuggflottan"},"content":{"rendered":"<p>Ukraina har attackerat ett ryskt oljefartyg i Medelhavet, uppger k\u00e4llor inom den ukrainska s\u00e4kerhetstj\u00e4nsten SBU. Attacken ska ha skett p\u00e5 internationellt vatten.<\/p>\n<p>Oljetankern Qendis tillh\u00f6r den ryska s\u00e5 kallade skuggflottan och var obemannat vid attacken. Dr\u00f6narattacken ledde till stora skador p\u00e5 fartyget.<\/p>\n<p>\u2013 Det h\u00e4r \u00e4r en insats som saknar motstycke, s\u00e4ger en ukrainsk s\u00e4kerhetsk\u00e4lla till The Telegraph.<\/p>\n<p>Tidningen Ukrainska Pravda har talat med en ukrainsk uppgiftsl\u00e4mnare som h\u00e4vdar att Qendis \u00e4r ett legitimt m\u00e5l f\u00f6r Ukraina.<\/p>\n<p>\u2013 Ryssland har anv\u00e4nt det h\u00e4r fartyget f\u00f6r att runda sanktioner och dra in pengar som anv\u00e4nts i kriget mot Ukraina. <\/p>\n<p>Omni \u00e4r politiskt obundna och oberoende. Vi str\u00e4var efter att ge fler perspektiv p\u00e5 nyheterna. Har du fr\u00e5gor eller synpunkter kring v\u00e5r rapportering? <a href=\"https:\/\/omni.se\/kallor-ukraina-har-bombat-fartyg-i-skuggflottan\/a\/mailto:redaktion@omni.se\" class=\"ArticleActions_contactLink__W2F1M\" rel=\"nofollow noopener\" target=\"_blank\">Kontakta redaktionen<\/a><\/p>\n","protected":false},"excerpt":{"rendered":"Ukraina har attackerat ett ryskt oljefartyg i Medelhavet, uppger k\u00e4llor inom den ukrainska s\u00e4kerhetstj\u00e4nsten SBU. Attacken ska ha&hellip;\n","protected":false},"author":2,"featured_media":111056,"comment_status":"","ping_status":"","sticky":false,"template":"","format":"standard","meta":{"footnotes":""},"categories":[14],"tags":[22,23,267,26,27,17,21,24,25,28,29,15,16,18,269,264,34,31,33,32,30,19,20,263,51,52,53,54],"class_list":{"0":"post-111055","1":"post","2":"type-post","3":"status-publish","4":"format-standard","5":"has-post-thumbnail","7":"category-varlden","8":"tag-breaking-news","9":"tag-breakingnews","10":"tag-europa","11":"tag-featured-news","12":"tag-featurednews","13":"tag-headlines","14":"tag-huvudnyheter","15":"tag-latest-news","16":"tag-latestnews","17":"tag-main-news","18":"tag-mainnews","19":"tag-news","20":"tag-nyheter","21":"tag-rubriker","22":"tag-ryska-invasionen","23":"tag-ryssland","24":"tag-se","25":"tag-svenska","26":"tag-sverige","27":"tag-sweden","28":"tag-swedish","29":"tag-top-stories","30":"tag-topstories","31":"tag-ukraina","32":"tag-varlden","33":"tag-world","34":"tag-world-news","35":"tag-worldnews"},"share_on_mastodon":{"url":"https:\/\/pubeurope.com\/@se\/115746130095116588","error":""},"_links":{"self":[{"href":"https:\/\/www.europesays.com\/se\/wp-json\/wp\/v2\/posts\/111055","targetHints":{"allow":["GET"]}}],"collection":[{"href":"https:\/\/www.europesays.com\/se\/wp-json\/wp\/v2\/posts"}],"about":[{"href":"https:\/\/www.europesays.com\/se\/wp-json\/wp\/v2\/types\/post"}],"author":[{"embeddable":true,"href":"https:\/\/www.europesays.com\/se\/wp-json\/wp\/v2\/users\/2"}],"replies":[{"embeddable":true,"href":"https:\/\/www.europesays.com\/se\/wp-json\/wp\/v2\/comments?post=111055"}],"version-history":[{"count":0,"href":"https:\/\/www.europesays.com\/se\/wp-json\/wp\/v2\/posts\/111055\/revisions"}],"wp:featuredmedia":[{"embeddable":true,"href":"https:\/\/www.europesays.com\/se\/wp-json\/wp\/v2\/media\/111056"}],"wp:attachment":[{"href":"https:\/\/www.europesays.com\/se\/wp-json\/wp\/v2\/media?parent=111055"}],"wp:term":[{"taxonomy":"category","embeddable":true,"href":"https:\/\/www.europesays.com\/se\/wp-json\/wp\/v2\/categories?post=111055"},{"taxonomy":"post_tag","embeddable":true,"href":"https:\/\/www.europesays.com\/se\/wp-json\/wp\/v2\/tags?post=111055"}],"curies":[{"name":"wp","href":"https:\/\/api.w.org\/{rel}","templated":true}]}}