{"id":111057,"date":"2025-12-19T12:02:08","date_gmt":"2025-12-19T12:02:08","guid":{"rendered":"https:\/\/www.europesays.com\/se\/111057\/"},"modified":"2025-12-19T12:02:08","modified_gmt":"2025-12-19T12:02:08","slug":"nya-chefer-och-sakkunniga-for-en-samlad-samhallsbyggnadsprocess","status":"publish","type":"post","link":"https:\/\/www.europesays.com\/se\/111057\/","title":{"rendered":"Nya chefer och sakkunniga f\u00f6r en samlad samh\u00e4llsbyggnads\u00adprocess"},"content":{"rendered":"<p class=\"font-normal\">Rekryteringen \u00e4r nu avslutad och alla tj\u00e4nster \u00e4r tillsatta. Det \u00e4r ett viktigt steg i att forma en samlad organisation f\u00f6r hela samh\u00e4llsbyggnadsprocessen.<\/p>\n<p class=\"font-normal\">\u2013 Jag \u00e4r v\u00e4ldigt glad \u00f6ver att alla avdelningschefer och sakkunniga \u00e4r p\u00e5 plats. Vi \u00f6kar drivkraften genom att tills\u00e4tta chefer som kan fokusera p\u00e5 personalansvar och ekonomi. Samtidigt f\u00f6rst\u00e4rker vi expertisen med seniora sakkunniga som fokuserar p\u00e5 den fortsatta utvecklingen av VA, avfall och genomf\u00f6rande av projekt, s\u00e4ger Lise Langseth, tilltr\u00e4dande f\u00f6rvaltningschef f\u00f6r den nya teknik- och samh\u00e4llsbyggnadsf\u00f6rvaltningen.<\/p>\n<p>Nya avdelningschefer<\/p>\n<ul class=\" sol-bullet-list font-normal\">\n<li>Anna Malkan Nelson blir avdelningschef f\u00f6r VA och avfall.<\/li>\n<li>Jenny Iversj\u00f6 blir avdelningschef f\u00f6r mark, exploatering och projekt.<\/li>\n<li>Mattias Edsbagge blir avdelningschef f\u00f6r bygglov och milj\u00f6.<\/li>\n<li>Carolina Sinander blir avdelningschef f\u00f6r f\u00f6rvaltningsst\u00f6d.<\/li>\n<li>Ylva Svangren blir ekonomichef.<\/li>\n<\/ul>\n<p class=\"font-normal\">\u2013 Alla kommer fr\u00e5n nuvarande samh\u00e4llsbyggnadsf\u00f6rvaltningen och teknikf\u00f6rvaltningen och forts\u00e4tter nu i annorlunda roller i den nya organisationen. Deras bakgrunder, erfarenheter och personligheter kommer att tillf\u00f6ra oerh\u00f6rt mycket, s\u00e4ger Lise Langseth.<\/p>\n<p class=\"font-normal\">Sedan tidigare \u00e4r Mats Eriksson avdelningschef f\u00f6r hamnverksamheten, Richard L\u00f6wenborg, avdelningschef f\u00f6r samh\u00e4llsplanering (tidigare planering och geografisk information), Therese Bendelin avdelningschef f\u00f6r park och trafik, Patrik Vesterlund avdelningschef f\u00f6r f\u00f6rs\u00f6rjning och Bj\u00f6rn Sandqvist avdelningschef f\u00f6r fastighet.<\/p>\n<p>St\u00f6d fr\u00e5n seniora sakkunniga<\/p>\n<p class=\"font-normal\">Birger Bj\u00f6rkman och Susanne Bjergegaard Pettersson blir seniora sakkunniga p\u00e5 avdelningen f\u00f6r VA och avfall och Torbj\u00f6rn Ihse blir senior sakkunnig p\u00e5 MEX och projekt. Tj\u00e4nsterna som seniora sakkunniga \u00e4r viktiga f\u00f6rst\u00e4rkningar som ska ge kvalificerat st\u00f6d till ledning och beslutsfattare.<\/p>\n<p class=\"font-normal\">\u2013 Birger, Susanne och Torbj\u00f6rn kommer n\u00e4rmast fr\u00e5n roller som avdelningschefer p\u00e5 teknikf\u00f6rvaltningen. De har lett sina avdelningar under perioder som k\u00e4nnetecknats av teknisk innovation och stora utmaningar inom h\u00e5llbarhet, digitalisering, samt s\u00e4kerhet och beredskap. Deras nya uppdrag inneb\u00e4r fortsatt stort inflytande \u00f6ver samh\u00e4llsbyggnadsprocessen men med ett annorlunda fokus. Som seniora sakkunniga kommer de kunna fokusera \u00e4nnu tydligare p\u00e5 utveckling, planering och kvalitetss\u00e4kring utifr\u00e5n sin expertis, s\u00e4ger Lise Langseth.<\/p>\n<p class=\"font-normal\">\u2013 I mars 2025 startades arbetet f\u00f6r att samla ansvaret f\u00f6r samh\u00e4llsbyggnadsprocessen i en f\u00f6rvaltning. Det har varit en process som under h\u00f6sten presenterats, diskuterats och riskbed\u00f6mts. Arbetet f\u00f6r att komma till r\u00e4tta med den problematiska dricksvattensituationen i Visby med omnejd forts\u00e4tter med samma bemanning som tidigare, s\u00e4ger Lise Langseth.<\/p>\n<p class=\"font-normal\">Den nya teknik- och samh\u00e4llsbyggnadsf\u00f6rvaltningen \u00e4r nu bemannad p\u00e5 avdelningsniv\u00e5. Den nya organisationen tr\u00e4der i kraft den 1 januari 2026. Efter \u00e5rsskiftet och under hela 2026 kommer det gemensamma formandet av avdelningarna att st\u00e5 i fokus.<\/p>\n<p class=\"font-normal\">\u2013 I januari kan vi ta n\u00e4sta steg i v\u00e5r utvecklingsresa f\u00f6r att forma en robust och trygg f\u00f6rvaltning. Med en samlad organisation f\u00f6r hela samh\u00e4llsbyggnadsprocessen kan vi korta ledtiderna och minska kostnaderna samtidigt som vi f\u00e5r b\u00e4ttre m\u00f6jligheter att p\u00e5verka projekt i tidiga skeden. Tillsammans skapar vi f\u00f6ruts\u00e4ttningar f\u00f6r l\u00e5ngsiktigt h\u00e5llbar samh\u00e4llsutveckling.<\/p>\n","protected":false},"excerpt":{"rendered":"Rekryteringen \u00e4r nu avslutad och alla tj\u00e4nster \u00e4r tillsatta. Det \u00e4r ett viktigt steg i att forma en&hellip;\n","protected":false},"author":2,"featured_media":111058,"comment_status":"","ping_status":"","sticky":false,"template":"","format":"standard","meta":{"footnotes":""},"categories":[12],"tags":[22,23,26,27,17,21,24,25,28,29,15,16,18,34,31,33,32,30,19,20],"class_list":{"0":"post-111057","1":"post","2":"type-post","3":"status-publish","4":"format-standard","5":"has-post-thumbnail","7":"category-sverige","8":"tag-breaking-news","9":"tag-breakingnews","10":"tag-featured-news","11":"tag-featurednews","12":"tag-headlines","13":"tag-huvudnyheter","14":"tag-latest-news","15":"tag-latestnews","16":"tag-main-news","17":"tag-mainnews","18":"tag-news","19":"tag-nyheter","20":"tag-rubriker","21":"tag-se","22":"tag-svenska","23":"tag-sverige","24":"tag-sweden","25":"tag-swedish","26":"tag-top-stories","27":"tag-topstories"},"share_on_mastodon":{"url":"https:\/\/pubeurope.com\/@se\/115746134123185797","error":""},"_links":{"self":[{"href":"https:\/\/www.europesays.com\/se\/wp-json\/wp\/v2\/posts\/111057","targetHints":{"allow":["GET"]}}],"collection":[{"href":"https:\/\/www.europesays.com\/se\/wp-json\/wp\/v2\/posts"}],"about":[{"href":"https:\/\/www.europesays.com\/se\/wp-json\/wp\/v2\/types\/post"}],"author":[{"embeddable":true,"href":"https:\/\/www.europesays.com\/se\/wp-json\/wp\/v2\/users\/2"}],"replies":[{"embeddable":true,"href":"https:\/\/www.europesays.com\/se\/wp-json\/wp\/v2\/comments?post=111057"}],"version-history":[{"count":0,"href":"https:\/\/www.europesays.com\/se\/wp-json\/wp\/v2\/posts\/111057\/revisions"}],"wp:featuredmedia":[{"embeddable":true,"href":"https:\/\/www.europesays.com\/se\/wp-json\/wp\/v2\/media\/111058"}],"wp:attachment":[{"href":"https:\/\/www.europesays.com\/se\/wp-json\/wp\/v2\/media?parent=111057"}],"wp:term":[{"taxonomy":"category","embeddable":true,"href":"https:\/\/www.europesays.com\/se\/wp-json\/wp\/v2\/categories?post=111057"},{"taxonomy":"post_tag","embeddable":true,"href":"https:\/\/www.europesays.com\/se\/wp-json\/wp\/v2\/tags?post=111057"}],"curies":[{"name":"wp","href":"https:\/\/api.w.org\/{rel}","templated":true}]}}