{"id":111068,"date":"2025-12-19T12:09:09","date_gmt":"2025-12-19T12:09:09","guid":{"rendered":"https:\/\/www.europesays.com\/se\/111068\/"},"modified":"2025-12-19T12:09:09","modified_gmt":"2025-12-19T12:09:09","slug":"ukrainsk-attack-mot-tanker-i-medelhavet","status":"publish","type":"post","link":"https:\/\/www.europesays.com\/se\/111068\/","title":{"rendered":"Ukrainsk attack mot tanker i Medelhavet"},"content":{"rendered":"<p>share-arrowDela<\/p>\n<p>unsaveSpara<\/p>\n<p class=\"hyperion-css-1shl3oz\" data-test-tag=\"lead-text\">Ukraina har attackerat en oljetanker i Medelhavet, enligt en k\u00e4lla inom den ukrainska s\u00e4kerhetstj\u00e4nsten.<\/p>\n<p class=\"hyperion-css-1shl3oz\" data-test-tag=\"lead-text\">Tankern kopplas till den ryska skuggflottan.<\/p>\n<p class=\"hyperion-css-1v9qo5x\">Den ukrainska dr\u00f6narattacken ska ha genomf\u00f6rts p\u00e5 neutralt vatten runt 200 mil fr\u00e5n Ukrainas gr\u00e4ns och \u00e4r landets f\u00f6rsta i Medelhavet.<\/p>\n<p class=\"hyperion-css-1v9qo5x\">Tankern Qendil uppges ha varit t\u00f6md p\u00e5 olja vid attacken och den ska d\u00e4rf\u00f6r enligt uppgifterna inte utg\u00f6ra n\u00e5got milj\u00f6hot.<\/p>\n<p class=\"hyperion-css-1v9qo5x\">Enligt k\u00e4llan handlar det om en \u201dny, aldrig tidigare sk\u00e5dad specialoperation\u201d.<\/p>\n","protected":false},"excerpt":{"rendered":"share-arrowDela unsaveSpara Ukraina har attackerat en oljetanker i Medelhavet, enligt en k\u00e4lla inom den ukrainska s\u00e4kerhetstj\u00e4nsten. Tankern kopplas&hellip;\n","protected":false},"author":2,"featured_media":465,"comment_status":"","ping_status":"","sticky":false,"template":"","format":"standard","meta":{"footnotes":""},"categories":[14],"tags":[22,23,26,27,17,21,24,25,28,29,15,16,18,34,31,33,32,30,19,20,51,52,53,54],"class_list":{"0":"post-111068","1":"post","2":"type-post","3":"status-publish","4":"format-standard","5":"has-post-thumbnail","7":"category-varlden","8":"tag-breaking-news","9":"tag-breakingnews","10":"tag-featured-news","11":"tag-featurednews","12":"tag-headlines","13":"tag-huvudnyheter","14":"tag-latest-news","15":"tag-latestnews","16":"tag-main-news","17":"tag-mainnews","18":"tag-news","19":"tag-nyheter","20":"tag-rubriker","21":"tag-se","22":"tag-svenska","23":"tag-sverige","24":"tag-sweden","25":"tag-swedish","26":"tag-top-stories","27":"tag-topstories","28":"tag-varlden","29":"tag-world","30":"tag-world-news","31":"tag-worldnews"},"share_on_mastodon":{"url":"https:\/\/pubeurope.com\/@se\/115746161601035711","error":""},"_links":{"self":[{"href":"https:\/\/www.europesays.com\/se\/wp-json\/wp\/v2\/posts\/111068","targetHints":{"allow":["GET"]}}],"collection":[{"href":"https:\/\/www.europesays.com\/se\/wp-json\/wp\/v2\/posts"}],"about":[{"href":"https:\/\/www.europesays.com\/se\/wp-json\/wp\/v2\/types\/post"}],"author":[{"embeddable":true,"href":"https:\/\/www.europesays.com\/se\/wp-json\/wp\/v2\/users\/2"}],"replies":[{"embeddable":true,"href":"https:\/\/www.europesays.com\/se\/wp-json\/wp\/v2\/comments?post=111068"}],"version-history":[{"count":0,"href":"https:\/\/www.europesays.com\/se\/wp-json\/wp\/v2\/posts\/111068\/revisions"}],"wp:featuredmedia":[{"embeddable":true,"href":"https:\/\/www.europesays.com\/se\/wp-json\/wp\/v2\/media\/465"}],"wp:attachment":[{"href":"https:\/\/www.europesays.com\/se\/wp-json\/wp\/v2\/media?parent=111068"}],"wp:term":[{"taxonomy":"category","embeddable":true,"href":"https:\/\/www.europesays.com\/se\/wp-json\/wp\/v2\/categories?post=111068"},{"taxonomy":"post_tag","embeddable":true,"href":"https:\/\/www.europesays.com\/se\/wp-json\/wp\/v2\/tags?post=111068"}],"curies":[{"name":"wp","href":"https:\/\/api.w.org\/{rel}","templated":true}]}}