{"id":111070,"date":"2025-12-19T12:11:09","date_gmt":"2025-12-19T12:11:09","guid":{"rendered":"https:\/\/www.europesays.com\/se\/111070\/"},"modified":"2025-12-19T12:11:09","modified_gmt":"2025-12-19T12:11:09","slug":"regeringen-vill-hoja-kunskaperna-kring-asbest-hos-arbetstagare","status":"publish","type":"post","link":"https:\/\/www.europesays.com\/se\/111070\/","title":{"rendered":"Regeringen vill h\u00f6ja kunskaperna kring asbest hos arbetstagare"},"content":{"rendered":"<p>&#13;<br \/>\nRegeringen ger Arbetsmilj\u00f6verket i uppdrag att ta fram f\u00f6rslag som s\u00e4kerst\u00e4ller att arbetstagare som leder och deltar i arbete med asbest har tillr\u00e4ckliga kunskaper f\u00f6r att hantera materialet p\u00e5 ett s\u00e4kert s\u00e4tt. Syftet \u00e4r att minska risken f\u00f6r exponering och f\u00f6rebygga allvarliga h\u00e4lsoproblem.<\/p>\n<p>\u2013 Regeringen vill s\u00e4kerst\u00e4lla att arbete med asbest sker tryggt och s\u00e4kert. Ingen ska riskera sin h\u00e4lsa p\u00e5 grund av bristande kunskap. D\u00e4rf\u00f6r \u00e4r det viktigt att kunskaperna \u00f6kar inom omr\u00e5det f\u00f6r de som kommer i kontakt med asbest, s\u00e4ger arbetsmarknadsminister Johan Britz.<\/p>\n<p>Arbetsmilj\u00f6verket f\u00e5r i uppdrag att f\u00f6resl\u00e5 hur kunskapsprov kan inf\u00f6ras f\u00f6r att s\u00e4kerst\u00e4lla att utbildade arbetstagare uppfyller kraven. Arbetsmilj\u00f6verket ska \u00e4ven f\u00f6resl\u00e5 en akt\u00f6r som kan tillhandah\u00e5lla provet. Ut\u00f6ver kunskapsprov ska myndigheten \u00e4ven utforma informationsinsatser riktade till yrkesgrupper som kan komma i kontakt med asbest och l\u00e4mna andra f\u00f6rslag som st\u00e4rker kunskaperna om s\u00e4ker hantering.<\/p>\n<p>Asbest \u00e4r f\u00f6rbjudet i Sverige sedan 1982, men finns fortfarande kvar i \u00e4ldre byggnader och installationer. Personer inom byggbranschen riskerar att uts\u00e4ttas f\u00f6r asbestdamm vid rivning eller bearbetning av material som inneh\u00e5ller asbest. Exponering kan orsaka allvarliga sjukdomar, bland annat cancer.<\/p>\n<p>I arbetet ska Arbetsmilj\u00f6verket samr\u00e5da med ber\u00f6rda akt\u00f6rer och redovisa uppdraget senast den 15 oktober 2026. Uppdraget \u00e4r en del av regeringens arbete f\u00f6r en trygg och s\u00e4ker arbetsmilj\u00f6.<\/p>\n","protected":false},"excerpt":{"rendered":"&#13; Regeringen ger Arbetsmilj\u00f6verket i uppdrag att ta fram f\u00f6rslag som s\u00e4kerst\u00e4ller att arbetstagare som leder och deltar&hellip;\n","protected":false},"author":2,"featured_media":67452,"comment_status":"","ping_status":"","sticky":false,"template":"","format":"standard","meta":{"footnotes":""},"categories":[5],"tags":[22,23,26,27,17,21,24,25,28,29,15,16,18,34,31,33,32,30,19,20],"class_list":{"0":"post-111070","1":"post","2":"type-post","3":"status-publish","4":"format-standard","5":"has-post-thumbnail","7":"category-rubriker","8":"tag-breaking-news","9":"tag-breakingnews","10":"tag-featured-news","11":"tag-featurednews","12":"tag-headlines","13":"tag-huvudnyheter","14":"tag-latest-news","15":"tag-latestnews","16":"tag-main-news","17":"tag-mainnews","18":"tag-news","19":"tag-nyheter","20":"tag-rubriker","21":"tag-se","22":"tag-svenska","23":"tag-sverige","24":"tag-sweden","25":"tag-swedish","26":"tag-top-stories","27":"tag-topstories"},"share_on_mastodon":{"url":"https:\/\/pubeurope.com\/@se\/115746169333410154","error":""},"_links":{"self":[{"href":"https:\/\/www.europesays.com\/se\/wp-json\/wp\/v2\/posts\/111070","targetHints":{"allow":["GET"]}}],"collection":[{"href":"https:\/\/www.europesays.com\/se\/wp-json\/wp\/v2\/posts"}],"about":[{"href":"https:\/\/www.europesays.com\/se\/wp-json\/wp\/v2\/types\/post"}],"author":[{"embeddable":true,"href":"https:\/\/www.europesays.com\/se\/wp-json\/wp\/v2\/users\/2"}],"replies":[{"embeddable":true,"href":"https:\/\/www.europesays.com\/se\/wp-json\/wp\/v2\/comments?post=111070"}],"version-history":[{"count":0,"href":"https:\/\/www.europesays.com\/se\/wp-json\/wp\/v2\/posts\/111070\/revisions"}],"wp:featuredmedia":[{"embeddable":true,"href":"https:\/\/www.europesays.com\/se\/wp-json\/wp\/v2\/media\/67452"}],"wp:attachment":[{"href":"https:\/\/www.europesays.com\/se\/wp-json\/wp\/v2\/media?parent=111070"}],"wp:term":[{"taxonomy":"category","embeddable":true,"href":"https:\/\/www.europesays.com\/se\/wp-json\/wp\/v2\/categories?post=111070"},{"taxonomy":"post_tag","embeddable":true,"href":"https:\/\/www.europesays.com\/se\/wp-json\/wp\/v2\/tags?post=111070"}],"curies":[{"name":"wp","href":"https:\/\/api.w.org\/{rel}","templated":true}]}}