{"id":111097,"date":"2025-12-19T12:37:09","date_gmt":"2025-12-19T12:37:09","guid":{"rendered":"https:\/\/www.europesays.com\/se\/111097\/"},"modified":"2025-12-19T12:37:09","modified_gmt":"2025-12-19T12:37:09","slug":"jorgen-forsberg-ny-vd-for-svensk-travsport","status":"publish","type":"post","link":"https:\/\/www.europesays.com\/se\/111097\/","title":{"rendered":"J\u00f6rgen Forsberg ny VD f\u00f6r Svensk Travsport"},"content":{"rendered":"<p><img alt=\"\" src=\"https:\/\/www.europesays.com\/se\/wp-content\/uploads\/2025\/12\/jorgen-forsberg.jpg\" loading=\"lazy\" decoding=\"async\" class=\"editorial__top-image\"\/><\/p>\n<p>&#13;<br \/>\n                        &#13;<br \/>\n&#13;<br \/>\nSvensk Travsports styrelse har utsett J\u00f6rgen Forsberg till verkst\u00e4llande direkt\u00f6r f\u00f6r Svensk Travsport AB. J\u00f6rgen Forsberg tilltr\u00e4der sin befattning den 15 januari 2026 och eftertr\u00e4der Maria Croon som slutade i augusti. Ulf H\u00f6rnberg, som varit tillf\u00f6rordnad VD, \u00e5terg\u00e5r samtidigt till befattningen som vice VD i Svensk Travsport.&#13;\n                    <\/p>\n<p>J\u00f6rgen Forsberg \u00e4r 56 \u00e5r och f\u00f6dd och uppvuxen i Sollefte\u00e5, \u00c5ngermanland. Han har under sin karri\u00e4r haft flera ledande befattningar som aff\u00e4rsomr\u00e5deschef och VD inom fordonsbranschen, s\u00e5v\u00e4l nationellt som internationellt. Under \u00e5ren 2017\u20142024 var han verkst\u00e4llande direkt\u00f6r f\u00f6r Solvalla\/Stockholms travs\u00e4llskap. D\u00e4rmed kombineras en gedigen kommersiell bakgrund med en god f\u00f6rankring och kunskap om Svenskt Travsport och travsverige.<\/p>\n<p>&#8211; Bland en stor m\u00e4ngd kvalificerade s\u00f6kande har vi kommit fram till att J\u00f6rgen Forsberg \u00e4r den b\u00e4st l\u00e4mpad att leda Svensk Travsport p\u00e5 operativ niv\u00e5 de kommande \u00e5ren. Han \u00e4r v\u00e4l insatt i Svensk Travsports styrmodell, v\u00e5r framtidsstrategi och har en omvittnat stark drivkraft f\u00f6r att f\u00e5 saker gjorda. Vi \u00e4r glada \u00f6ver att f\u00e5 h\u00e4lsa J\u00f6rgen v\u00e4lkommen till oss, s\u00e4ger Anders K\u00e4llstr\u00f6m, styrelseordf\u00f6rande Svensk Travsport.<\/p>\n<p>&#8211; Jag ser fram emot att med alla medarbetare f\u00e5 leda Svensk Travsport i en f\u00f6r sporten viktig tid. Jag vet hur mycket engagemang och vilja det finns att vidareutveckla travsporten. Jag hoppas att vi tillsammans i hela travsverige ska bygga en positiv framtid f\u00f6r v\u00e5r sport, s\u00e4ger J\u00f6rgen Forsberg.<\/p>\n<p>J\u00f6rgen Forsberg tilltr\u00e4der sin befattning den 15 januari 2026 och kommer samtidigt att l\u00e4mna sina nuvarande f\u00f6rtroendeuppdrag inom Solvalla och Stockholms Travs\u00e4llskap.<\/p>\n<p>Eventuella fr\u00e5gor besvaras av:<br \/>Styrelsens ordf\u00f6rande Anders K\u00e4llstr\u00f6m 070-629 55 02<br \/>Tilltr\u00e4dande VD J\u00f6rgen Forsberg 070-284 65 80 \u00a0<\/p>\n","protected":false},"excerpt":{"rendered":"&#13; &#13; &#13; Svensk Travsports styrelse har utsett J\u00f6rgen Forsberg till verkst\u00e4llande direkt\u00f6r f\u00f6r Svensk Travsport AB. J\u00f6rgen&hellip;\n","protected":false},"author":2,"featured_media":111098,"comment_status":"","ping_status":"","sticky":false,"template":"","format":"standard","meta":{"footnotes":""},"categories":[68],"tags":[34,111,110,31,33,32,30],"class_list":{"0":"post-111097","1":"post","2":"type-post","3":"status-publish","4":"format-standard","5":"has-post-thumbnail","7":"category-sport","8":"tag-se","9":"tag-sport","10":"tag-sports","11":"tag-svenska","12":"tag-sverige","13":"tag-sweden","14":"tag-swedish"},"share_on_mastodon":{"url":"https:\/\/pubeurope.com\/@se\/115746271759263595","error":""},"_links":{"self":[{"href":"https:\/\/www.europesays.com\/se\/wp-json\/wp\/v2\/posts\/111097","targetHints":{"allow":["GET"]}}],"collection":[{"href":"https:\/\/www.europesays.com\/se\/wp-json\/wp\/v2\/posts"}],"about":[{"href":"https:\/\/www.europesays.com\/se\/wp-json\/wp\/v2\/types\/post"}],"author":[{"embeddable":true,"href":"https:\/\/www.europesays.com\/se\/wp-json\/wp\/v2\/users\/2"}],"replies":[{"embeddable":true,"href":"https:\/\/www.europesays.com\/se\/wp-json\/wp\/v2\/comments?post=111097"}],"version-history":[{"count":0,"href":"https:\/\/www.europesays.com\/se\/wp-json\/wp\/v2\/posts\/111097\/revisions"}],"wp:featuredmedia":[{"embeddable":true,"href":"https:\/\/www.europesays.com\/se\/wp-json\/wp\/v2\/media\/111098"}],"wp:attachment":[{"href":"https:\/\/www.europesays.com\/se\/wp-json\/wp\/v2\/media?parent=111097"}],"wp:term":[{"taxonomy":"category","embeddable":true,"href":"https:\/\/www.europesays.com\/se\/wp-json\/wp\/v2\/categories?post=111097"},{"taxonomy":"post_tag","embeddable":true,"href":"https:\/\/www.europesays.com\/se\/wp-json\/wp\/v2\/tags?post=111097"}],"curies":[{"name":"wp","href":"https:\/\/api.w.org\/{rel}","templated":true}]}}