{"id":111193,"date":"2025-12-19T13:57:08","date_gmt":"2025-12-19T13:57:08","guid":{"rendered":"https:\/\/www.europesays.com\/se\/111193\/"},"modified":"2025-12-19T13:57:08","modified_gmt":"2025-12-19T13:57:08","slug":"traumatroppen-forsvarsmakten","status":"publish","type":"post","link":"https:\/\/www.europesays.com\/se\/111193\/","title":{"rendered":"Traumatroppen &#8211; &#8211; F\u00f6rsvarsmakten"},"content":{"rendered":"<p>Under hela 2025 har Tyskland varit ansvarigt land att s\u00e4tta upp styrkan EUBG25 och Tyskland har \u00e4ven ansvarat f\u00f6r den medicinska delen av f\u00f6rbandet som heter Medical Task Force. I denna ing\u00e5r Sveriges f\u00f6rbandsbidrag till EUBG25, en traumatropp och en stabsofficer fr\u00e5n F\u00f6rsvarsmedicincentrum i G\u00f6teborg. Dessutom ing\u00e5r en svensk stabsofficer, ocks\u00e5 fr\u00e5n F\u00f6rsvarsmedicincentrum, i EUBG:s Force Headquarters, (F)HQ, totalt 18 personer. Den svenska traumatroppen har st\u00e5tt i beredskap hemma i Sverige under hela 2025 men en stor del av styrkans materiel har funnits p\u00e5 plats i Tyskland, redo f\u00f6r insats.<\/p>\n<p>Under \u00e5ret har man genomf\u00f6rt st\u00f6rre \u00f6vningar, i \u00d6sterrike, Tyskland och Ungern, men ocks\u00e5 en mindre \u00f6vning med den tyska 231.Bergsj\u00e4garbrigaden i Alperna f\u00f6r att beh\u00e4rska att kunna agera i alpin milj\u00f6.<\/p>\n<p>Vi f\u00f6ljde med p\u00e5 en \u00f6vning p\u00e5 hemmaplan n\u00e4r traumatroppen \u00f6vade strid i bebyggelse och grupperade en operationssal i befintlig infrastruktur. D\u00e4r fick vi ocks\u00e5 tv\u00e5 anestesisjuksk\u00f6terskor och en anestesiolog.<\/p>\n<p><strong>Malena, anestesisjuksk\u00f6terska<\/strong><\/p>\n<p>Hur l\u00e4nge har du jobbat i traumatroppen?<\/p>\n<p>Lite mer \u00e4n tv\u00e5 \u00e5r.<\/p>\n<p>Vilka utmaningar ser du?<\/p>\n<p>Den st\u00f6rsta utmaningen jag sett \u00e4r den medicintekniska utrustningen. Sv\u00e5righeten att f\u00e5 ut den senaste utrustningen, trots att vi \u00e4r p\u00e5 insats, och att den ej \u00e4r kompatibel med andra l\u00e4nders utrustning. Det \u00e4r sv\u00e5rt att \u00e4ndra p\u00e5 hemmaplan och administrativt tungt, det tar tid. Detta visar p\u00e5 behovet att \u00f6va mycket tillsammans, vi har olika arbetss\u00e4tt och det g\u00e4ller att vi utnyttjar v\u00e5ra resurser till max.<\/p>\n<p>Svensk f\u00f6rsvarsmedicinsk kompetens \u00e4r h\u00f6g och vi har gott anseende och vi st\u00e5r oss v\u00e4l ute i Europa. Andra vill \u00f6va med oss.<\/p>\n<p>Vad \u00e4r det b\u00e4sta med jobbet?<\/p>\n<p>Omv\u00e4xling. Vi har ett stort ansvar. Det \u00e4r stor kompetensutveckling och dynamik. Jag m\u00f6ter och jobbar med m\u00e5nga personalkategorier.<\/p>\n<p>Vad har du l\u00e4rt dig?<\/p>\n<p>Att ta tillvara m\u00f6jligheter att \u00f6va. Och det st\u00f6rre europeiska perspektivet.<\/p>\n<p>B\u00e4sta eller starkaste minnet fr\u00e5n EUBG-\u00e5ret?<\/p>\n<p>N\u00e4r vi \u00f6vade med tyska bergsj\u00e4gare och det ber\u00f6m vi fick hur vi tog emot de skadade. De k\u00e4nde sig omh\u00e4ndertagna och trygga med oss. Att vi sk\u00e4nker trygghet till soldaterna.<\/p>\n<p><strong>Patrik, anestesisjuksk\u00f6terska<\/strong><\/p>\n<p>Hur l\u00e4nge har du jobbat i traumatroppen?<\/p>\n<p>Jag har jobbat p\u00e5 traumaplutonen i ca 3,5 \u00e5r.<\/p>\n<p>Vilka utmaningar ser du n\u00e4r det g\u00e4ller arbetet i EUBG?<\/p>\n<p>\u00c4ven om det \u00e4r ett bra samarbete mellan oss och v\u00e5ra internationella kollegor s\u00e5 har vi olika arbetss\u00e4tt och den medicinska utrustningen skiljer sig till viss del. \u00d6vningarna har burit frukt och tidiga friktioner har l\u00f6sts ju mer vi har \u00f6vat tillsammans.<\/p>\n<p>Vad \u00e4r det b\u00e4sta med jobbet?<\/p>\n<p>Milj\u00f6ombytet mellan den kliniska placeringen och den huvudsakliga tj\u00e4nsten i f\u00f6rsvarsmakten ger mig en bra mix av olika arbetsuppgifter. Att jag sedan har mycket bra kollegor g\u00f6r det ocks\u00e5 l\u00e4tt att g\u00e5 till jobbet varje dag.<\/p>\n<p>Vad har du l\u00e4rt dig?<\/p>\n<p>Jag har utvecklats inom det prehospitala omh\u00e4ndertagandet i framf\u00f6rallt den milit\u00e4ra kontexten och jag har \u00e4ven f\u00e5tt utrymme att \u00f6kat mina soldatf\u00e4rdigheter.<\/p>\n<p>B\u00e4sta eller starkaste minnet fr\u00e5n EUBG-\u00e5ret?<\/p>\n<p>N\u00e4r v\u00e4l ledningen f\u00f6r EUBG f\u00f6rstod vilken typ av enhet vi var och vilka f\u00f6rm\u00e5gor vi hade, fick vi \u00f6va mer perifert med mer driftiga f\u00f6rband och visa vad vi kunde. Samarbetet var uppskattat och kontakten med f\u00f6rbandet beh\u00f6lls f\u00f6r ytterligare \u00f6vningsverksamhet utanf\u00f6r ramen f\u00f6r EUBG.<\/p>\n<p><strong>Marcus, anestesiolog<\/strong><\/p>\n<p>Hur l\u00e4nge har du jobbat i traumatroppen?<\/p>\n<p>Cirka 1,5 \u00e5r.<\/p>\n<p>Vilka utmaningar ser du n\u00e4r det g\u00e4ller arbetet i EUBG?<\/p>\n<p>Det har varit spr\u00e5kliga och kulturella utmaningar och \u00e4ven olika sjuksystem. Vi fr\u00e5n Sverige har ett effektivare resursutnyttjande i v\u00e5rt team och ett n\u00e4rmare teamarbete, vi \u00e4r mer prestigel\u00f6sa. De andra l\u00e4nderna \u00e4r mer hierarkiska.<\/p>\n<p>Vad \u00e4r det b\u00e4sta med jobbet?<\/p>\n<p>Omv\u00e4xlingen!<\/p>\n<p>Vad har du l\u00e4rt dig?<\/p>\n<p>Att vara lite mer flexibel.<\/p>\n<p>B\u00e4sta eller starkaste minnet fr\u00e5n EUBG-\u00e5ret?<\/p>\n<p>B\u00e4sta minnet \u00e4r kontakten med den tyska l\u00e4kargruppen, utbytet. Ett starkt minne \u00e4r n\u00e4r det var 38 grader varmt i \u00d6sterrike.<\/p>\n<p>\u00a0<\/p>\n<p>Traumatroppens uppgift har varit att utg\u00f6ra f\u00f6rstyrka till, samt f\u00f6rst\u00e4rka den tyska Role 2 Basic-enheten (R2B), en typ av mindre f\u00e4ltsjukhus som best\u00e5r av ett antal v\u00e5rdplatser, IVA-platser samt r\u00f6ntgen. Traumatroppen \u00e4r av typen Role 2 Forward (R2F), en mer framskjuten enhet med grupperingstid p\u00e5 under en timme som finns l\u00e4ngst fram vid fronten. Man jobbar i f\u00f6rsta hand i fast infrastruktur, men har alltid med sig t\u00e4lt vilket g\u00f6r att man kan gruppera sj\u00e4lvst\u00e4ndigt. T\u00e4lten inneh\u00e5ller akutrum och en operationssal. Traumatroppen \u00e4r specialiserad p\u00e5 liv- och extremitetsr\u00e4ddande kirurgi och avancerad resuscitering.<\/p>\n<p>Traumatroppen best\u00e5r av totalt 16 personer; en l\u00e4tt kirurgisk grupp (LKG) med \u00e5tta personer (tre l\u00e4kare, tv\u00e5 sjuksk\u00f6terskor, tv\u00e5 GSS\/K och en SO), tv\u00e5 l\u00e4tta traumagrupper (LTG) med fyra personer (en l\u00e4kare, en sjuksk\u00f6terska och tv\u00e5 GSS\/K). Traumatroppen f\u00f6rflyttar sig oftast med terr\u00e4ngg\u00e5ende fordon med sin utrustning i sl\u00e4pvagnar.<\/p>\n<p>Traumatroppen \u00e4r en av tv\u00e5 traumatroppar i Traumapluton som i sin tur ing\u00e5r i 2.kompaniet ur Sjukhusbataljonen. De utg\u00f6r en operativ resurs i F\u00f6rsvarsmaktens insatsverksamhet. I Sjukhusbataljonen ing\u00e5r ocks\u00e5 de tv\u00e5 Sjukhuskompanierna som \u00e4ven \u00e4r F\u00f6rsvarsmedicincentrums krigsf\u00f6rband.<\/p>\n<p>Faktaruta:<\/p>\n<p>Med huvudsyftet att kunna utf\u00f6ra fredsbevarande eller stabiliserande insatser inom en radie av 600 kilometer fr\u00e5n Bryssel finns European Battlegroup, EUBG, en snabbinsatt del av EU:s st\u00e5ende f\u00f6rband Rapid Deployment Capacity (RDC) med h\u00f6gkvarter i Strasbourg, Frankrike.<\/p>\n<p>Sverige bidrar under 2025 med en traumatropp till den tyskledda europeiska stridsgruppen (EUBG) hel\u00e5ret 2025. Senast Sverige deltog var 2020. EUBG utg\u00f6r en central del i EU:s krishanteringsmekanism, EU RDC, som i sin tur utg\u00f6r ett komplement till Natos avskr\u00e4ckning och f\u00f6rsvar. Deltagande i EUBG m\u00f6jligg\u00f6r att utveckla b\u00e5de v\u00e5ra nationella f\u00f6rm\u00e5gor och interoperabilitet inom ramen f\u00f6r kollektivt f\u00f6rsvar.<\/p>\n<p>Enheterna ben\u00e4mns Role 0 \u2013 4 som beskriver en indelning i f\u00f6rsvarsmedicinsk f\u00f6rm\u00e5ga som \u00e5terfinns inom Nato.<\/p>\n","protected":false},"excerpt":{"rendered":"Under hela 2025 har Tyskland varit ansvarigt land att s\u00e4tta upp styrkan EUBG25 och Tyskland har \u00e4ven ansvarat&hellip;\n","protected":false},"author":2,"featured_media":111194,"comment_status":"","ping_status":"","sticky":false,"template":"","format":"standard","meta":{"footnotes":""},"categories":[12],"tags":[22,23,73,12273,12274,26,27,12275,12277,12276,17,21,24,25,28,29,15,16,18,34,2298,31,33,32,30,19,20,12271,12272],"class_list":{"0":"post-111193","1":"post","2":"type-post","3":"status-publish","4":"format-standard","5":"has-post-thumbnail","7":"category-sverige","8":"tag-breaking-news","9":"tag-breakingnews","10":"tag-eu","11":"tag-eubg","12":"tag-eubg25","13":"tag-featured-news","14":"tag-featurednews","15":"tag-fomedc","16":"tag-forsvarsmedicin","17":"tag-forsvarsmedicincentrum","18":"tag-headlines","19":"tag-huvudnyheter","20":"tag-latest-news","21":"tag-latestnews","22":"tag-main-news","23":"tag-mainnews","24":"tag-news","25":"tag-nyheter","26":"tag-rubriker","27":"tag-se","28":"tag-sjukvard","29":"tag-svenska","30":"tag-sverige","31":"tag-sweden","32":"tag-swedish","33":"tag-top-stories","34":"tag-topstories","35":"tag-traumatropp","36":"tag-traumatroppen"},"share_on_mastodon":{"url":"https:\/\/pubeurope.com\/@se\/115746586207296356","error":""},"_links":{"self":[{"href":"https:\/\/www.europesays.com\/se\/wp-json\/wp\/v2\/posts\/111193","targetHints":{"allow":["GET"]}}],"collection":[{"href":"https:\/\/www.europesays.com\/se\/wp-json\/wp\/v2\/posts"}],"about":[{"href":"https:\/\/www.europesays.com\/se\/wp-json\/wp\/v2\/types\/post"}],"author":[{"embeddable":true,"href":"https:\/\/www.europesays.com\/se\/wp-json\/wp\/v2\/users\/2"}],"replies":[{"embeddable":true,"href":"https:\/\/www.europesays.com\/se\/wp-json\/wp\/v2\/comments?post=111193"}],"version-history":[{"count":0,"href":"https:\/\/www.europesays.com\/se\/wp-json\/wp\/v2\/posts\/111193\/revisions"}],"wp:featuredmedia":[{"embeddable":true,"href":"https:\/\/www.europesays.com\/se\/wp-json\/wp\/v2\/media\/111194"}],"wp:attachment":[{"href":"https:\/\/www.europesays.com\/se\/wp-json\/wp\/v2\/media?parent=111193"}],"wp:term":[{"taxonomy":"category","embeddable":true,"href":"https:\/\/www.europesays.com\/se\/wp-json\/wp\/v2\/categories?post=111193"},{"taxonomy":"post_tag","embeddable":true,"href":"https:\/\/www.europesays.com\/se\/wp-json\/wp\/v2\/tags?post=111193"}],"curies":[{"name":"wp","href":"https:\/\/api.w.org\/{rel}","templated":true}]}}