{"id":111203,"date":"2025-12-19T14:04:08","date_gmt":"2025-12-19T14:04:08","guid":{"rendered":"https:\/\/www.europesays.com\/se\/111203\/"},"modified":"2025-12-19T14:04:08","modified_gmt":"2025-12-19T14:04:08","slug":"putin-i-egen-tv-show-bollen-ligger-hos-er-vasterbottens-kuriren","status":"publish","type":"post","link":"https:\/\/www.europesays.com\/se\/111203\/","title":{"rendered":"Putin i egen tv-show: Bollen ligger hos er &#8211; V\u00e4sterbottens-Kuriren"},"content":{"rendered":"<ol>\n<li><a href=\"https:\/\/news.google.com\/rss\/articles\/CBMiggFBVV95cUxPMnRzenk0WEJDdEhwM3doVnVJSEJUZWpnaVR1emFMekstSDhlSlJxYV9OWEFxMUloZlhoX1Q1RWhCWXhPSHRjcERrT0J5RWVYWTlzZzJVU0txeGhHY2JDdEtEekNWTVpJbFMtWG1TMWdKQlg4R3BGbXV4S1NUWWxyaVBn?oc=5\" target=\"_blank\" rel=\"nofollow noopener\">Putin i egen tv-show: Bollen ligger hos er<\/a>&nbsp;&nbsp;V\u00e4sterbottens-Kuriren<\/li>\n<li><a href=\"https:\/\/news.google.com\/rss\/articles\/CBMilwFBVV95cUxOMDVWeVkzSks3LVlPU0tfNkZNNXpKOUdub3hvWkxBcTNoRE93QlJPdU0tYVpjZlZXZkJ1T3M3SE5SRDRrRkJxSDN2TjNPZ3JZYjdKbmVhUjE3WnFqU2YzUS0xQU5FamxlUk9hQWFwNVMwOW5NSktYQnhZNlp6WGlyQy1KUHhrTjZLSEYzWm1sbXY2a2l1dGJJ?oc=5\" target=\"_blank\" rel=\"nofollow noopener\">Putin varnar EU om frysta tillg\u00e5ngar: &#8221;Ett r\u00e5n&#8221;<\/a>&nbsp;&nbsp;Expressen<\/li>\n<li><a href=\"https:\/\/news.google.com\/rss\/articles\/CBMijAFBVV95cUxPRU9KSEdObE1SaDBVb0dDbkVROGVDbXY3WnZqSjFSZWFfREp1dXJCYmFsTmpNSm1ub2dDR2RGQ0ZQQUFodkhEUU9mZWZjd2pJMjlfWTBfT01EMFQzLTBhcTI2TXdoN0Q1WWg2N3MwV0tBQ1VCcVdoNXNjcHNOQ2lsVzdmRnZRQV9pR01ndQ?oc=5\" target=\"_blank\" rel=\"nofollow noopener\">Putin till attack mot Europas \u201dsm\u00e5 grisar\u201d<\/a>&nbsp;&nbsp;Aftonbladet<\/li>\n<li><a href=\"https:\/\/news.google.com\/rss\/articles\/CBMilwFBVV95cUxOdHdNRW9HaUxpM05wM1V0dG5RR0xjZkR3bTRESXBsNmZDcHl4S3FhTzA1TXpkTDJNVnhtUXZDaEwwV3RpWnhLeThVdW03WmVqdkJFdHM1czdaYTFQYWZvVXMwTy11Yi1hSnAxeUVVMjhUNk5IMVl4aGpKb2FvVWM1Vlk4ZGU4WGJvUEZmek0wYjJEWjFuOTBZ?oc=5\" target=\"_blank\" rel=\"nofollow noopener\">Putin kallar europeiska ledare \u201dsm\u00e5 grisar\u201d<\/a>&nbsp;&nbsp;Kvartal<\/li>\n<li><a href=\"https:\/\/news.google.com\/rss\/articles\/CBMihAFBVV95cUxNYjJRLVhlY2hPSC05RDlfcjcxRVhVWUhuOW9neG9JVFlOTUptclpBNHBMSzhqZDNqN2Y3WWVObG9FV2FiYVJuUWE4bERmLV93VTNfMmFfcmlFaUo4dWlKUzNLWkhQdHR6WlZFUjBFMm5DMk5KeGVBQ3VFYXpiOFphbVkwZE8?oc=5\" target=\"_blank\" rel=\"nofollow noopener\">S\u00e5 lurar Putin v\u00e4st att tro p\u00e5 rysk seger 18 december 2025 &#8211; Radiokorrespondenterna Ryssland<\/a>&nbsp;&nbsp;Sveriges Radio<\/li>\n<\/ol>\n","protected":false},"excerpt":{"rendered":"Putin i egen tv-show: Bollen ligger hos er&nbsp;&nbsp;V\u00e4sterbottens-Kuriren Putin varnar EU om frysta tillg\u00e5ngar: &#8221;Ett r\u00e5n&#8221;&nbsp;&nbsp;Expressen Putin till&hellip;\n","protected":false},"author":2,"featured_media":111204,"comment_status":"","ping_status":"","sticky":false,"template":"","format":"standard","meta":{"footnotes":""},"categories":[14],"tags":[22,23,26,27,17,21,24,25,28,29,15,16,18,34,31,33,32,30,19,20,51,52,53,54],"class_list":{"0":"post-111203","1":"post","2":"type-post","3":"status-publish","4":"format-standard","5":"has-post-thumbnail","7":"category-varlden","8":"tag-breaking-news","9":"tag-breakingnews","10":"tag-featured-news","11":"tag-featurednews","12":"tag-headlines","13":"tag-huvudnyheter","14":"tag-latest-news","15":"tag-latestnews","16":"tag-main-news","17":"tag-mainnews","18":"tag-news","19":"tag-nyheter","20":"tag-rubriker","21":"tag-se","22":"tag-svenska","23":"tag-sverige","24":"tag-sweden","25":"tag-swedish","26":"tag-top-stories","27":"tag-topstories","28":"tag-varlden","29":"tag-world","30":"tag-world-news","31":"tag-worldnews"},"share_on_mastodon":{"url":"https:\/\/pubeurope.com\/@se\/115746613789562529","error":""},"_links":{"self":[{"href":"https:\/\/www.europesays.com\/se\/wp-json\/wp\/v2\/posts\/111203","targetHints":{"allow":["GET"]}}],"collection":[{"href":"https:\/\/www.europesays.com\/se\/wp-json\/wp\/v2\/posts"}],"about":[{"href":"https:\/\/www.europesays.com\/se\/wp-json\/wp\/v2\/types\/post"}],"author":[{"embeddable":true,"href":"https:\/\/www.europesays.com\/se\/wp-json\/wp\/v2\/users\/2"}],"replies":[{"embeddable":true,"href":"https:\/\/www.europesays.com\/se\/wp-json\/wp\/v2\/comments?post=111203"}],"version-history":[{"count":0,"href":"https:\/\/www.europesays.com\/se\/wp-json\/wp\/v2\/posts\/111203\/revisions"}],"wp:featuredmedia":[{"embeddable":true,"href":"https:\/\/www.europesays.com\/se\/wp-json\/wp\/v2\/media\/111204"}],"wp:attachment":[{"href":"https:\/\/www.europesays.com\/se\/wp-json\/wp\/v2\/media?parent=111203"}],"wp:term":[{"taxonomy":"category","embeddable":true,"href":"https:\/\/www.europesays.com\/se\/wp-json\/wp\/v2\/categories?post=111203"},{"taxonomy":"post_tag","embeddable":true,"href":"https:\/\/www.europesays.com\/se\/wp-json\/wp\/v2\/tags?post=111203"}],"curies":[{"name":"wp","href":"https:\/\/api.w.org\/{rel}","templated":true}]}}