{"id":111214,"date":"2025-12-19T14:12:22","date_gmt":"2025-12-19T14:12:22","guid":{"rendered":"https:\/\/www.europesays.com\/se\/111214\/"},"modified":"2025-12-19T14:12:22","modified_gmt":"2025-12-19T14:12:22","slug":"rekordstor-samling-dinosauriespar-hittade-i-italien-2","status":"publish","type":"post","link":"https:\/\/www.europesays.com\/se\/111214\/","title":{"rendered":"Rekordstor samling dinosauriesp\u00e5r hittade i Italien"},"content":{"rendered":"<p>Sp\u00e5ren, som \u00e4r \u00f6ver 200 miljoner \u00e5r gamla, uppt\u00e4cktes i nationalparken Stelvio, i ett omr\u00e5de mellan st\u00e4derna Bormio och Livigno.<\/p>\n<p>\u2013 Den h\u00e4r upps\u00e4ttningen dinosauriefotsp\u00e5r \u00e4r en av de st\u00f6rsta samlingarna i hela Europa, i hela v\u00e4rlden, s\u00e4ger Attilio Fontana, regionpresident f\u00f6r Lombardiet i norra Italien, p\u00e5 en presskonferens.<\/p>\n<p>Det var naturfotografen Elio Della Ferrera som i september uppt\u00e4ckte avtrycken i en n\u00e4stan vertikal klippsluttning. Vissa m\u00e4tte upp till 40 centimeter i diameter.<\/p>\n<p>Della Ferrera kallade in paleontologen Cristiano Dal Sasso fr\u00e5n Milanos naturhistoriska museum, som satte ihop ett team av italienska experter f\u00f6r att studera platsen.<\/p>\n<p>&#8221;Det \u00e4r ett betydande vetenskapligt arv. De parallella promenaderna \u00e4r tydliga bevis p\u00e5 att hjordar r\u00f6r sig synkront, och det finns ocks\u00e5 sp\u00e5r av mer komplexa beteenden, s\u00e5som grupper av djur samlade i en cirkel, kanske f\u00f6r f\u00f6rsvar&#8221;, skriver Dal Sasso i ett pressmeddelande.<\/p>\n<p><img alt=\"Den enorma samlingen fotsp\u00e5r uppt\u00e4cktes i nationalparken Stelvio i norra Italien.  \" loading=\"lazy\" width=\"1920\" height=\"1200\" decoding=\"async\" data-nimg=\"1\" style=\"color:transparent;max-width:100%;width:100%\"   src=\"https:\/\/www.europesays.com\/se\/wp-content\/uploads\/2025\/12\/1mB0Fd_RC9qbHnCwZ3VtgJVckKws-REGULAR.jpg\"\/>Den enorma samlingen fotsp\u00e5r uppt\u00e4cktes i nationalparken Stelvio i norra Italien.   Bild: Elio Della Ferrera\/Stelvio National Park\/AP <\/p>\n","protected":false},"excerpt":{"rendered":"Sp\u00e5ren, som \u00e4r \u00f6ver 200 miljoner \u00e5r gamla, uppt\u00e4cktes i nationalparken Stelvio, i ett omr\u00e5de mellan st\u00e4derna Bormio&hellip;\n","protected":false},"author":2,"featured_media":111215,"comment_status":"","ping_status":"","sticky":false,"template":"","format":"standard","meta":{"footnotes":""},"categories":[14],"tags":[22,23,26,27,17,21,24,25,28,29,15,16,18,34,31,33,32,30,19,20,51,52,53,54],"class_list":{"0":"post-111214","1":"post","2":"type-post","3":"status-publish","4":"format-standard","5":"has-post-thumbnail","7":"category-varlden","8":"tag-breaking-news","9":"tag-breakingnews","10":"tag-featured-news","11":"tag-featurednews","12":"tag-headlines","13":"tag-huvudnyheter","14":"tag-latest-news","15":"tag-latestnews","16":"tag-main-news","17":"tag-mainnews","18":"tag-news","19":"tag-nyheter","20":"tag-rubriker","21":"tag-se","22":"tag-svenska","23":"tag-sverige","24":"tag-sweden","25":"tag-swedish","26":"tag-top-stories","27":"tag-topstories","28":"tag-varlden","29":"tag-world","30":"tag-world-news","31":"tag-worldnews"},"share_on_mastodon":{"url":"https:\/\/pubeurope.com\/@se\/115746645419219235","error":""},"_links":{"self":[{"href":"https:\/\/www.europesays.com\/se\/wp-json\/wp\/v2\/posts\/111214","targetHints":{"allow":["GET"]}}],"collection":[{"href":"https:\/\/www.europesays.com\/se\/wp-json\/wp\/v2\/posts"}],"about":[{"href":"https:\/\/www.europesays.com\/se\/wp-json\/wp\/v2\/types\/post"}],"author":[{"embeddable":true,"href":"https:\/\/www.europesays.com\/se\/wp-json\/wp\/v2\/users\/2"}],"replies":[{"embeddable":true,"href":"https:\/\/www.europesays.com\/se\/wp-json\/wp\/v2\/comments?post=111214"}],"version-history":[{"count":0,"href":"https:\/\/www.europesays.com\/se\/wp-json\/wp\/v2\/posts\/111214\/revisions"}],"wp:featuredmedia":[{"embeddable":true,"href":"https:\/\/www.europesays.com\/se\/wp-json\/wp\/v2\/media\/111215"}],"wp:attachment":[{"href":"https:\/\/www.europesays.com\/se\/wp-json\/wp\/v2\/media?parent=111214"}],"wp:term":[{"taxonomy":"category","embeddable":true,"href":"https:\/\/www.europesays.com\/se\/wp-json\/wp\/v2\/categories?post=111214"},{"taxonomy":"post_tag","embeddable":true,"href":"https:\/\/www.europesays.com\/se\/wp-json\/wp\/v2\/tags?post=111214"}],"curies":[{"name":"wp","href":"https:\/\/api.w.org\/{rel}","templated":true}]}}