{"id":111223,"date":"2025-12-19T14:21:19","date_gmt":"2025-12-19T14:21:19","guid":{"rendered":"https:\/\/www.europesays.com\/se\/111223\/"},"modified":"2025-12-19T14:21:19","modified_gmt":"2025-12-19T14:21:19","slug":"ei-fortydligar-finansiering-av-elnatsforetagens-beredskapsatgarder","status":"publish","type":"post","link":"https:\/\/www.europesays.com\/se\/111223\/","title":{"rendered":"Ei f\u00f6rtydligar \u2013 finansiering av eln\u00e4tsf\u00f6retagens beredskaps\u00e5tg\u00e4rder"},"content":{"rendered":"<p class=\"ei-paragraph\">N\u00e4r Sverige st\u00e4rker sitt totalf\u00f6rsvarsarbete i en orolig omv\u00e4rld \u00e4r energisektorn en viktig pusselbit. Den 1 oktober 2022 tr\u00e4dde en ny myndighetsreform i kraft f\u00f6r krisberedskap och civilt f\u00f6rsvar. Beredskapssektorer uppr\u00e4ttades, varav en \u00e4r energif\u00f6rs\u00f6rjning. Samtidigt \u00f6kar krav och f\u00f6rv\u00e4ntningar p\u00e5 robusthet och beredskap i europeiska och nationella regelverk, och behovet av \u00e5tg\u00e4rder som st\u00e4rker robustheten i det svenska eln\u00e4tet kommer att \u00f6ka fram\u00f6ver.<\/p>\n<p class=\"ei-paragraph\">Ei har f\u00e5tt flera fr\u00e5gor om hur n\u00e4tf\u00f6retag f\u00e5r finansiera dessa typer av \u00e5tg\u00e4rder och vill d\u00e4rmed i denna artikel reda ut vad som g\u00e4ller.<\/p>\n<p>N\u00e4tf\u00f6retagen har ett l\u00e5ngtg\u00e5ende ansvar f\u00f6r robustheten i sina n\u00e4t<\/p>\n<p class=\"ei-paragraph\">Ett eln\u00e4tsf\u00f6retag har ett l\u00e5ngtg\u00e5ende ansvar f\u00f6r sitt eln\u00e4t, bland annat i form av ansvar f\u00f6r drift och underh\u00e5ll, utbyggnad och anslutningar. Eln\u00e4tsf\u00f6retaget ansvarar ocks\u00e5 f\u00f6r att n\u00e4tet \u00e4r s\u00e4kert, tillf\u00f6rlitligt och effektivt, samt att n\u00e4tet p\u00e5 l\u00e5ng sikt kan uppfylla rimliga krav p\u00e5 \u00f6verf\u00f6ring av el (se 3 kap. 1 \u00a7 ellagen). F\u00f6r att bedriva eln\u00e4tsverksamheten f\u00e5r eln\u00e4tsf\u00f6retagen t\u00e4ckning f\u00f6r kostnader f\u00f6r driften av en n\u00e4tverksamhet som bedrivs p\u00e5 ett \u00e4ndam\u00e5lsenligt och effektivt s\u00e4tt.<\/p>\n<p class=\"ei-paragraph\">Kostnader f\u00f6r \u00e5tg\u00e4rder som f\u00f6ljer av g\u00e4llande regelverk, nationella s\u00e5v\u00e4l som europeiska, ing\u00e5r i de kostnader som ett n\u00e4tf\u00f6retag f\u00e5r inkludera i sin int\u00e4ktsram och d\u00e4rmed f\u00e5r t\u00e4ckning f\u00f6r i form av n\u00e4tavgifter. Detta \u00e4r ocks\u00e5 fallet f\u00f6r \u00e5tg\u00e4rder som syftar till att uppfylla krav p\u00e5 robusthet och beredskap, och g\u00e4ller oavsett om kostnaderna utg\u00f6rs av l\u00f6pande kostnader, som personal- och underh\u00e5llskostnader, eller om det handlar om ink\u00f6p och investeringar. F\u00f6r att eln\u00e4tsf\u00f6retagen ska f\u00e5 t\u00e4ckning f\u00f6r sina kostnader via int\u00e4ktsramen kr\u00e4vs att kostnaderna \u00e4r rimliga, effektiva och proportionerliga.<\/p>\n<p>N\u00e4tkunderna ska inte betala f\u00f6r \u00e5tg\u00e4rder som finansierats av beredskapsmedel<\/p>\n<p class=\"ei-paragraph\">Det \u00e4r viktigt att n\u00e4tkunderna inte betalar f\u00f6r beredskaps\u00e5tg\u00e4rder som har finansierats via andra medel. Det g\u00e4ller exempelvis Svenska kraftn\u00e4ts elberedskapsanslag och inneb\u00e4r att n\u00e4tf\u00f6retaget inte ska inkludera kostnader som har t\u00e4ckts av s\u00e5dana medel vid inrapportering av uppgifter f\u00f6r beslut av int\u00e4ktsramar till Ei.<\/p>\n","protected":false},"excerpt":{"rendered":"N\u00e4r Sverige st\u00e4rker sitt totalf\u00f6rsvarsarbete i en orolig omv\u00e4rld \u00e4r energisektorn en viktig pusselbit. Den 1 oktober 2022&hellip;\n","protected":false},"author":2,"featured_media":8642,"comment_status":"","ping_status":"","sticky":false,"template":"","format":"standard","meta":{"footnotes":""},"categories":[12],"tags":[22,23,26,27,17,21,24,25,28,29,15,16,18,34,31,33,32,30,19,20],"class_list":{"0":"post-111223","1":"post","2":"type-post","3":"status-publish","4":"format-standard","5":"has-post-thumbnail","7":"category-sverige","8":"tag-breaking-news","9":"tag-breakingnews","10":"tag-featured-news","11":"tag-featurednews","12":"tag-headlines","13":"tag-huvudnyheter","14":"tag-latest-news","15":"tag-latestnews","16":"tag-main-news","17":"tag-mainnews","18":"tag-news","19":"tag-nyheter","20":"tag-rubriker","21":"tag-se","22":"tag-svenska","23":"tag-sverige","24":"tag-sweden","25":"tag-swedish","26":"tag-top-stories","27":"tag-topstories"},"share_on_mastodon":{"url":"https:\/\/pubeurope.com\/@se\/115746680592440290","error":""},"_links":{"self":[{"href":"https:\/\/www.europesays.com\/se\/wp-json\/wp\/v2\/posts\/111223","targetHints":{"allow":["GET"]}}],"collection":[{"href":"https:\/\/www.europesays.com\/se\/wp-json\/wp\/v2\/posts"}],"about":[{"href":"https:\/\/www.europesays.com\/se\/wp-json\/wp\/v2\/types\/post"}],"author":[{"embeddable":true,"href":"https:\/\/www.europesays.com\/se\/wp-json\/wp\/v2\/users\/2"}],"replies":[{"embeddable":true,"href":"https:\/\/www.europesays.com\/se\/wp-json\/wp\/v2\/comments?post=111223"}],"version-history":[{"count":0,"href":"https:\/\/www.europesays.com\/se\/wp-json\/wp\/v2\/posts\/111223\/revisions"}],"wp:featuredmedia":[{"embeddable":true,"href":"https:\/\/www.europesays.com\/se\/wp-json\/wp\/v2\/media\/8642"}],"wp:attachment":[{"href":"https:\/\/www.europesays.com\/se\/wp-json\/wp\/v2\/media?parent=111223"}],"wp:term":[{"taxonomy":"category","embeddable":true,"href":"https:\/\/www.europesays.com\/se\/wp-json\/wp\/v2\/categories?post=111223"},{"taxonomy":"post_tag","embeddable":true,"href":"https:\/\/www.europesays.com\/se\/wp-json\/wp\/v2\/tags?post=111223"}],"curies":[{"name":"wp","href":"https:\/\/api.w.org\/{rel}","templated":true}]}}