{"id":111224,"date":"2025-12-19T14:22:08","date_gmt":"2025-12-19T14:22:08","guid":{"rendered":"https:\/\/www.europesays.com\/se\/111224\/"},"modified":"2025-12-19T14:22:08","modified_gmt":"2025-12-19T14:22:08","slug":"eu-har-enats-om-90-miljarder-euro-i-stod-till-ukraina","status":"publish","type":"post","link":"https:\/\/www.europesays.com\/se\/111224\/","title":{"rendered":"EU har enats om 90 miljarder euro i st\u00f6d till Ukraina"},"content":{"rendered":"<p>&#13;<br \/>\nUnder \u00e5rets sista toppm\u00f6te i Europeiska r\u00e5det den 18 december enades EU:s stats- och regeringschefer om finansiering f\u00f6r Ukraina f\u00f6r 2026 och 2027. St\u00f6det finansieras via gemensamma l\u00e5n med EU-budgeten som s\u00e4kerhet. Statsminister Ulf Kristersson representerade Sverige p\u00e5 m\u00f6tet.<\/p>\n<p>Vid sidan av Ukraina diskuterade Europeiska r\u00e5det \u00e4ven EU:s fler\u00e5riga budgetram (MFF) f\u00f6r perioden 2028\u20132034. Sverige driver p\u00e5 f\u00f6r att storleken p\u00e5 EU:s l\u00e5ngtidsbudget ska h\u00e5llas nere samt bli effektivare och fokusera mer p\u00e5 stora gemensamma uppgifter som klimat, migration, konkurrenskraft och hotet fr\u00e5n Ryssland.<\/p>\n<p>Ledarna diskuterade ocks\u00e5 det fortsatta arbetet med EU:s utvidgning, h\u00e4ndelseutvecklingen i Mellan\u00f6stern, EU:s s\u00e4kerhet och f\u00f6rsvar samt migration. P\u00e5 dagordningen stod ocks\u00e5 konkurrenskraft med fokus p\u00e5 geoekonomi och relationen mellan EU, USA och Kina.<\/p>\n","protected":false},"excerpt":{"rendered":"&#13; Under \u00e5rets sista toppm\u00f6te i Europeiska r\u00e5det den 18 december enades EU:s stats- och regeringschefer om finansiering&hellip;\n","protected":false},"author":2,"featured_media":67452,"comment_status":"","ping_status":"","sticky":false,"template":"","format":"standard","meta":{"footnotes":""},"categories":[5],"tags":[22,23,26,27,17,21,24,25,28,29,15,16,18,34,31,33,32,30,19,20],"class_list":{"0":"post-111224","1":"post","2":"type-post","3":"status-publish","4":"format-standard","5":"has-post-thumbnail","7":"category-rubriker","8":"tag-breaking-news","9":"tag-breakingnews","10":"tag-featured-news","11":"tag-featurednews","12":"tag-headlines","13":"tag-huvudnyheter","14":"tag-latest-news","15":"tag-latestnews","16":"tag-main-news","17":"tag-mainnews","18":"tag-news","19":"tag-nyheter","20":"tag-rubriker","21":"tag-se","22":"tag-svenska","23":"tag-sverige","24":"tag-sweden","25":"tag-swedish","26":"tag-top-stories","27":"tag-topstories"},"share_on_mastodon":{"url":"https:\/\/pubeurope.com\/@se\/115746684436446427","error":""},"_links":{"self":[{"href":"https:\/\/www.europesays.com\/se\/wp-json\/wp\/v2\/posts\/111224","targetHints":{"allow":["GET"]}}],"collection":[{"href":"https:\/\/www.europesays.com\/se\/wp-json\/wp\/v2\/posts"}],"about":[{"href":"https:\/\/www.europesays.com\/se\/wp-json\/wp\/v2\/types\/post"}],"author":[{"embeddable":true,"href":"https:\/\/www.europesays.com\/se\/wp-json\/wp\/v2\/users\/2"}],"replies":[{"embeddable":true,"href":"https:\/\/www.europesays.com\/se\/wp-json\/wp\/v2\/comments?post=111224"}],"version-history":[{"count":0,"href":"https:\/\/www.europesays.com\/se\/wp-json\/wp\/v2\/posts\/111224\/revisions"}],"wp:featuredmedia":[{"embeddable":true,"href":"https:\/\/www.europesays.com\/se\/wp-json\/wp\/v2\/media\/67452"}],"wp:attachment":[{"href":"https:\/\/www.europesays.com\/se\/wp-json\/wp\/v2\/media?parent=111224"}],"wp:term":[{"taxonomy":"category","embeddable":true,"href":"https:\/\/www.europesays.com\/se\/wp-json\/wp\/v2\/categories?post=111224"},{"taxonomy":"post_tag","embeddable":true,"href":"https:\/\/www.europesays.com\/se\/wp-json\/wp\/v2\/tags?post=111224"}],"curies":[{"name":"wp","href":"https:\/\/api.w.org\/{rel}","templated":true}]}}