{"id":111233,"date":"2025-12-19T14:29:09","date_gmt":"2025-12-19T14:29:09","guid":{"rendered":"https:\/\/www.europesays.com\/se\/111233\/"},"modified":"2025-12-19T14:29:09","modified_gmt":"2025-12-19T14:29:09","slug":"pressmeddelande-b-1848-25-sveriges-domstolar","status":"publish","type":"post","link":"https:\/\/www.europesays.com\/se\/111233\/","title":{"rendered":"Pressmeddelande B 1848-25 &#8211; Sveriges Domstolar"},"content":{"rendered":"<ol>\n<li><a href=\"https:\/\/news.google.com\/rss\/articles\/CBMic0FVX3lxTE1NaTlJV3JGMUQya1NyX2tTODc1dzhGYmFLaUJvQ0MzeEgwSW5rZktKZnRlZGlWLVB5T3BQeEhKRFRmSk51ZkZWVjFSWlJqLWFIM1FpaHA0VG1uWDNONERNeWZIOTRsU3lxaHR1TEhiRlJnNHM?oc=5\" target=\"_blank\" rel=\"nofollow noopener\">Pressmeddelande B 1848-25<\/a>&nbsp;&nbsp;Sveriges Domstolar<\/li>\n<li><a href=\"https:\/\/news.google.com\/rss\/articles\/CBMiqAFBVV95cUxObFczVTRXYjNuS1BWY2Q0ZnJSNnp5U3NIQ2RHMGU1WUl6MzFBdktsa0FSZC1ObmtwR3VaTmR4WFVQdHppaHJwUVBLOWU0dnVyTUNrdm1VQkQ2MlNGLWJ4amZmN0dhMVd6WHpqOVZfNG9HVHl6LTdXY051RFJBTHJIOF9lMThxQW5lNHJmY09pVlZiRWpGdHpSYTlNaUpUTnctOVFXTzJiQjM?oc=5\" target=\"_blank\" rel=\"nofollow noopener\">Polisen s\u00f6kte efter styckade kroppen i soporna \u2013 var f\u00f6r sent ute<\/a>&nbsp;&nbsp;SVT Nyheter<\/li>\n<li><a href=\"https:\/\/news.google.com\/rss\/articles\/CBMipgFBVV95cUxPd2JZd2JBMDNhQTFYcWs4VTJ2OVFrYldOeXJoakVqOTBEUlFuRmJXQ1otTXlWNkxuOTlreUhZQVZWZFFyWDJCS1ZuX2wtZjdjZFJEd1owRl9TS0VPaEZSQlkyWTB5YkVjWkZMSFNISnRnb1pBX0xlT3BqSEVqaGRvVy03RUJQakprdnlLZVJwWUVsZnV4UDhsTTctYnUzck9oMDRCZGZR?oc=5\" target=\"_blank\" rel=\"nofollow noopener\">Experten i r\u00e4tten: S\u00e5 sticker styckmordet i Oskarshamn ut<\/a>&nbsp;&nbsp;Sveriges Radio<\/li>\n<li><a href=\"https:\/\/news.google.com\/rss\/articles\/CBMiqwFBVV95cUxOcTVMVERZbm9JeTlTeHhxeUs2VGxsUXJ5RUo2V2owUnFxb1A0Rkl4el9TNlJlMDdwRXhsdmltelhYbWdTX1ZaVi1HQVRsSkk3YkYtTzA2T2huN1NoRFlLRTZkQVR5VWp5TTVzcFZ6LW5tcktXRmN5VEs5ZUUzV3BGc2h2VnJ2ajh5bVIxWE14amZSUGg5aXBiQXdiNzM3QjBYSGxqNGtoQ1lvLXc?oc=5\" target=\"_blank\" rel=\"nofollow noopener\">\u00c5klagaren yrkar p\u00e5 livstids f\u00e4ngelse f\u00f6r styckmordet i Oskarshamn<\/a>&nbsp;&nbsp;SVT Nyheter<\/li>\n<li><a href=\"https:\/\/news.google.com\/rss\/articles\/CBMilAFBVV95cUxPc181VmpSYzl3TmprRkVQWTM5Z19SRkl3UFJFUjJJSFV4Skk0c2RjTGw5b3hMNERTaU5zenE4X1pWR0U3YlpRWWpZaUY0ZXhjdTJfakNnTGZIdlJkVmw5LVdCODBEUHZsQk8wODlGZ2pFcUtNMW83bVNwY3poaXcwNE1mNGFhMWlEN1R2YXpIMXRIS3Y0?oc=5\" target=\"_blank\" rel=\"nofollow noopener\">Kollegorna om misst\u00e4nkte styckm\u00f6rdaren: \u201dGl\u00e4djespridare\u201d<\/a>&nbsp;&nbsp;Sveriges Radio<\/li>\n<\/ol>\n","protected":false},"excerpt":{"rendered":"Pressmeddelande B 1848-25&nbsp;&nbsp;Sveriges Domstolar Polisen s\u00f6kte efter styckade kroppen i soporna \u2013 var f\u00f6r sent ute&nbsp;&nbsp;SVT Nyheter Experten&hellip;\n","protected":false},"author":2,"featured_media":111234,"comment_status":"","ping_status":"","sticky":false,"template":"","format":"standard","meta":{"footnotes":""},"categories":[12],"tags":[22,23,26,27,17,21,24,25,28,29,15,16,18,34,31,33,32,30,19,20],"class_list":{"0":"post-111233","1":"post","2":"type-post","3":"status-publish","4":"format-standard","5":"has-post-thumbnail","7":"category-sverige","8":"tag-breaking-news","9":"tag-breakingnews","10":"tag-featured-news","11":"tag-featurednews","12":"tag-headlines","13":"tag-huvudnyheter","14":"tag-latest-news","15":"tag-latestnews","16":"tag-main-news","17":"tag-mainnews","18":"tag-news","19":"tag-nyheter","20":"tag-rubriker","21":"tag-se","22":"tag-svenska","23":"tag-sverige","24":"tag-sweden","25":"tag-swedish","26":"tag-top-stories","27":"tag-topstories"},"share_on_mastodon":{"url":"https:\/\/pubeurope.com\/@se\/115746712055542360","error":""},"_links":{"self":[{"href":"https:\/\/www.europesays.com\/se\/wp-json\/wp\/v2\/posts\/111233","targetHints":{"allow":["GET"]}}],"collection":[{"href":"https:\/\/www.europesays.com\/se\/wp-json\/wp\/v2\/posts"}],"about":[{"href":"https:\/\/www.europesays.com\/se\/wp-json\/wp\/v2\/types\/post"}],"author":[{"embeddable":true,"href":"https:\/\/www.europesays.com\/se\/wp-json\/wp\/v2\/users\/2"}],"replies":[{"embeddable":true,"href":"https:\/\/www.europesays.com\/se\/wp-json\/wp\/v2\/comments?post=111233"}],"version-history":[{"count":0,"href":"https:\/\/www.europesays.com\/se\/wp-json\/wp\/v2\/posts\/111233\/revisions"}],"wp:featuredmedia":[{"embeddable":true,"href":"https:\/\/www.europesays.com\/se\/wp-json\/wp\/v2\/media\/111234"}],"wp:attachment":[{"href":"https:\/\/www.europesays.com\/se\/wp-json\/wp\/v2\/media?parent=111233"}],"wp:term":[{"taxonomy":"category","embeddable":true,"href":"https:\/\/www.europesays.com\/se\/wp-json\/wp\/v2\/categories?post=111233"},{"taxonomy":"post_tag","embeddable":true,"href":"https:\/\/www.europesays.com\/se\/wp-json\/wp\/v2\/tags?post=111233"}],"curies":[{"name":"wp","href":"https:\/\/api.w.org\/{rel}","templated":true}]}}