{"id":111235,"date":"2025-12-19T14:30:09","date_gmt":"2025-12-19T14:30:09","guid":{"rendered":"https:\/\/www.europesays.com\/se\/111235\/"},"modified":"2025-12-19T14:30:09","modified_gmt":"2025-12-19T14:30:09","slug":"bra-far-flera-nya-uppdrag-for-att-oka-kunskapen-om-vald-mot-barn-bra","status":"publish","type":"post","link":"https:\/\/www.europesays.com\/se\/111235\/","title":{"rendered":"Br\u00e5 f\u00e5r flera nya uppdrag f\u00f6r att \u00f6ka kunskapen om v\u00e5ld mot barn | Br\u00e5"},"content":{"rendered":"<p class=\"normal\">Barn som uts\u00e4tts f\u00f6r v\u00e5ld eller v\u00e4xer upp i milj\u00f6er med kriminalitet drabbas ofta av negativa konsekvenser. Det kan handla att de uts\u00e4tts f\u00f6r brott eller att de sj\u00e4lva involveras i kriminalitet och beg\u00e5r brott i takt med att de blir \u00e4ldre. F\u00f6r att bryta dessa m\u00f6nster och f\u00f6rebygga brott beh\u00f6ver kunskapen om \u00e4mnet \u00f6ka.<\/p>\n<p>Tre nya uppdrag<\/p>\n<p class=\"normal\">Med anledning av detta har Br\u00e5 f\u00e5tt flera nya uppdrag av regeringen med start 2026. Dessa \u00e4r:<\/p>\n<ul class=\" sv-list-style-pil normal\">\n<li>Att unders\u00f6ka f\u00f6ruts\u00e4ttningarna att genomf\u00f6ra en studie som unders\u00f6ker utsatthet f\u00f6r brott samt delaktighet i brott bland elever i anpassad skola och l\u00e4mna f\u00f6rslag p\u00e5 hur studien skulle kunna genomf\u00f6ras.<\/li>\n<li>Att kartl\u00e4gga r\u00e4ttsv\u00e4sendets hantering av barnfridsbrottet, fr\u00e5n anm\u00e4lan till dom, och ge f\u00f6rslag p\u00e5 hur r\u00e4ttsv\u00e4sendets hantering av barnfridsbrott skulle kunna f\u00f6rb\u00e4ttras.<\/li>\n<li>Att tillsammans med J\u00e4mst\u00e4lldhetsmyndigheten beskriva kunskapsl\u00e4get i Sverige g\u00e4llande kopplingar mellan erfarenheter av v\u00e5ldsutsatthet i barndomen och att senare involveras och utnyttjas i kriminalitet. Ett s\u00e4rskilt fokus i arbetet ska l\u00e4ggas p\u00e5 g\u00e4ngrelaterade milj\u00f6er. I uppdraget ing\u00e5r \u00e4ven att identifiera hur ansvar och roller mellan olika akt\u00f6rer kan utvecklas och st\u00f6det till dessa f\u00f6rb\u00e4ttras.<\/li>\n<\/ul>\n","protected":false},"excerpt":{"rendered":"Barn som uts\u00e4tts f\u00f6r v\u00e5ld eller v\u00e4xer upp i milj\u00f6er med kriminalitet drabbas ofta av negativa konsekvenser. Det&hellip;\n","protected":false},"author":2,"featured_media":111236,"comment_status":"","ping_status":"","sticky":false,"template":"","format":"standard","meta":{"footnotes":""},"categories":[5],"tags":[22,23,26,27,17,21,24,25,28,29,15,16,18,34,31,33,32,30,19,20],"class_list":{"0":"post-111235","1":"post","2":"type-post","3":"status-publish","4":"format-standard","5":"has-post-thumbnail","7":"category-rubriker","8":"tag-breaking-news","9":"tag-breakingnews","10":"tag-featured-news","11":"tag-featurednews","12":"tag-headlines","13":"tag-huvudnyheter","14":"tag-latest-news","15":"tag-latestnews","16":"tag-main-news","17":"tag-mainnews","18":"tag-news","19":"tag-nyheter","20":"tag-rubriker","21":"tag-se","22":"tag-svenska","23":"tag-sverige","24":"tag-sweden","25":"tag-swedish","26":"tag-top-stories","27":"tag-topstories"},"share_on_mastodon":{"url":"https:\/\/pubeurope.com\/@se\/115746715949034758","error":""},"_links":{"self":[{"href":"https:\/\/www.europesays.com\/se\/wp-json\/wp\/v2\/posts\/111235","targetHints":{"allow":["GET"]}}],"collection":[{"href":"https:\/\/www.europesays.com\/se\/wp-json\/wp\/v2\/posts"}],"about":[{"href":"https:\/\/www.europesays.com\/se\/wp-json\/wp\/v2\/types\/post"}],"author":[{"embeddable":true,"href":"https:\/\/www.europesays.com\/se\/wp-json\/wp\/v2\/users\/2"}],"replies":[{"embeddable":true,"href":"https:\/\/www.europesays.com\/se\/wp-json\/wp\/v2\/comments?post=111235"}],"version-history":[{"count":0,"href":"https:\/\/www.europesays.com\/se\/wp-json\/wp\/v2\/posts\/111235\/revisions"}],"wp:featuredmedia":[{"embeddable":true,"href":"https:\/\/www.europesays.com\/se\/wp-json\/wp\/v2\/media\/111236"}],"wp:attachment":[{"href":"https:\/\/www.europesays.com\/se\/wp-json\/wp\/v2\/media?parent=111235"}],"wp:term":[{"taxonomy":"category","embeddable":true,"href":"https:\/\/www.europesays.com\/se\/wp-json\/wp\/v2\/categories?post=111235"},{"taxonomy":"post_tag","embeddable":true,"href":"https:\/\/www.europesays.com\/se\/wp-json\/wp\/v2\/tags?post=111235"}],"curies":[{"name":"wp","href":"https:\/\/api.w.org\/{rel}","templated":true}]}}