{"id":111244,"date":"2025-12-19T14:37:14","date_gmt":"2025-12-19T14:37:14","guid":{"rendered":"https:\/\/www.europesays.com\/se\/111244\/"},"modified":"2025-12-19T14:37:14","modified_gmt":"2025-12-19T14:37:14","slug":"livstids-fangelse-for-skjutning-i-alby-mordoffer-var-inte-maltavla","status":"publish","type":"post","link":"https:\/\/www.europesays.com\/se\/111244\/","title":{"rendered":"Livstids f\u00e4ngelse f\u00f6r skjutning i Alby \u2013 mordoffer var inte m\u00e5ltavla"},"content":{"rendered":"<p>Det var en sen m\u00e5ndagskv\u00e4ll i februari som polisen larmades till Alby, s\u00f6der om Stockholm, efter att flera inringare h\u00f6rt skottliknande sm\u00e4llar. <\/p>\n<p>Polisen hittade en <a href=\"https:\/\/www.svt.se\/nyheter\/lokalt\/stockholm\/man-skjuten-i-alby\" rel=\"nofollow noopener\" target=\"_blank\">skottskadad man i 20-\u00e5rs\u00e5ldern <\/a>utanf\u00f6r hans bostad. Han var skjuten med flera skott och f\u00f6rdes till sjukhus, men hans liv gick inte att r\u00e4dda. <\/p>\n<p>\u2013 Jag t\u00e4nker p\u00e5 familjen som kommer f\u00e5 det h\u00e4r samtalet om att deras son \u00e4r d\u00f6d, sade Linda som SVT tr\u00e4ffade vid Alby centrum, dagen efter skjutningen. <\/p>\n<p>M\u00f6rdade mannen var fel m\u00e5ltavla<\/p>\n<p>Tv\u00e5 unga m\u00e4n anh\u00f6lls, en misst\u00e4nkt f\u00f6r mordet och grovt vapenbrott och den andra f\u00f6r medhj\u00e4lp till grovt vapenbrott. <\/p>\n<p>P\u00e5 fredagen meddelar S\u00f6dert\u00f6rns tingsr\u00e4tt att en 18-\u00e5rig man d\u00f6ms till livstids f\u00e4ngelse f\u00f6r mord och ytterligare en 17-\u00e5rig person d\u00f6ms f\u00f6r medhj\u00e4lp till brottet och f\u00e5r sluten ungdomsv\u00e5rd i tre \u00e5r. <\/p>\n<p>17-\u00e5ringen har bland annat bokat en taxi \u00e5t g\u00e4rningsmannen. Ytterligare en medtilltalad i m\u00e5let har frik\u00e4nts. <\/p>\n<p>Mannen i 20-\u00e5rs\u00e5ldern var inte den tillt\u00e4nkta m\u00e5ltavlan. Enligt medieuppgifter ska mannen ha varit p\u00e5 v\u00e4g hem fr\u00e5n jobbet och inte haft n\u00e5gon koppling till kriminalitet. <\/p>\n<p>\u201dUppvisat brutalitet\u201d<\/p>\n<p>Tingsr\u00e4tten skriver att 18-\u00e5ringen sj\u00e4lv har s\u00f6kt efter att f\u00e5 genomf\u00f6ra ett morduppdrag. Utredningen har ocks\u00e5 visat att han fick uppdraget att skjuta en person \u00e5t ett kriminellt n\u00e4tverk mot betalning. <\/p>\n<p>\u2013 G\u00e4rningsmannen har ocks\u00e5 uppvisat en oerh\u00f6rd kyla och brutalitet eftersom han f\u00f6rst skjutit m\u00e5ls\u00e4ganden p\u00e5 visst avst\u00e5nd och sedan g\u00e5tt fram och skjutit ytterligare skott, bland annat i bakhuvudet, n\u00e4r m\u00e5ls\u00e4ganden legat hj\u00e4lp- och f\u00f6rsvarsl\u00f6s p\u00e5 marken, s\u00e4ger r\u00e5dmannen Fredrik Nyd\u00e9n som var r\u00e4ttens ordf\u00f6rande, i ett pressmeddelande. <\/p>\n","protected":false},"excerpt":{"rendered":"Det var en sen m\u00e5ndagskv\u00e4ll i februari som polisen larmades till Alby, s\u00f6der om Stockholm, efter att flera&hellip;\n","protected":false},"author":2,"featured_media":793,"comment_status":"","ping_status":"","sticky":false,"template":"","format":"standard","meta":{"footnotes":""},"categories":[12],"tags":[22,23,26,27,17,21,24,25,28,29,15,16,18,34,31,33,32,30,19,20],"class_list":{"0":"post-111244","1":"post","2":"type-post","3":"status-publish","4":"format-standard","5":"has-post-thumbnail","7":"category-sverige","8":"tag-breaking-news","9":"tag-breakingnews","10":"tag-featured-news","11":"tag-featurednews","12":"tag-headlines","13":"tag-huvudnyheter","14":"tag-latest-news","15":"tag-latestnews","16":"tag-main-news","17":"tag-mainnews","18":"tag-news","19":"tag-nyheter","20":"tag-rubriker","21":"tag-se","22":"tag-svenska","23":"tag-sverige","24":"tag-sweden","25":"tag-swedish","26":"tag-top-stories","27":"tag-topstories"},"share_on_mastodon":{"url":"https:\/\/pubeurope.com\/@se\/115746743556637418","error":""},"_links":{"self":[{"href":"https:\/\/www.europesays.com\/se\/wp-json\/wp\/v2\/posts\/111244","targetHints":{"allow":["GET"]}}],"collection":[{"href":"https:\/\/www.europesays.com\/se\/wp-json\/wp\/v2\/posts"}],"about":[{"href":"https:\/\/www.europesays.com\/se\/wp-json\/wp\/v2\/types\/post"}],"author":[{"embeddable":true,"href":"https:\/\/www.europesays.com\/se\/wp-json\/wp\/v2\/users\/2"}],"replies":[{"embeddable":true,"href":"https:\/\/www.europesays.com\/se\/wp-json\/wp\/v2\/comments?post=111244"}],"version-history":[{"count":0,"href":"https:\/\/www.europesays.com\/se\/wp-json\/wp\/v2\/posts\/111244\/revisions"}],"wp:featuredmedia":[{"embeddable":true,"href":"https:\/\/www.europesays.com\/se\/wp-json\/wp\/v2\/media\/793"}],"wp:attachment":[{"href":"https:\/\/www.europesays.com\/se\/wp-json\/wp\/v2\/media?parent=111244"}],"wp:term":[{"taxonomy":"category","embeddable":true,"href":"https:\/\/www.europesays.com\/se\/wp-json\/wp\/v2\/categories?post=111244"},{"taxonomy":"post_tag","embeddable":true,"href":"https:\/\/www.europesays.com\/se\/wp-json\/wp\/v2\/tags?post=111244"}],"curies":[{"name":"wp","href":"https:\/\/api.w.org\/{rel}","templated":true}]}}