{"id":111245,"date":"2025-12-19T14:38:08","date_gmt":"2025-12-19T14:38:08","guid":{"rendered":"https:\/\/www.europesays.com\/se\/111245\/"},"modified":"2025-12-19T14:38:08","modified_gmt":"2025-12-19T14:38:08","slug":"hammarkullen-i-fokus-for-nytt-handslag-2","status":"publish","type":"post","link":"https:\/\/www.europesays.com\/se\/111245\/","title":{"rendered":"Hammarkullen i fokus f\u00f6r nytt handslag"},"content":{"rendered":"<p>\u2013 Genom detta handslag skapas nya f\u00f6ruts\u00e4ttningar att flytta Hammarkullen fr\u00e5n polisens lista \u00f6ver s\u00e4rskilt utsatta. Ett m\u00e5l som Framtidenkoncernen arbetat med sedan 2021. Med Skanska och AstraZeneca som l\u00e5ngsiktiga akt\u00f6rer fr\u00e5n n\u00e4ringslivet samt Business Region G\u00f6teborg och G\u00f6teborg &amp; Co som partners fr\u00e5n staden visar vi att m\u00e5nga \u00e4r beredda att vara med och bidra. S\u00e5dant skapar framtidstro, s\u00e4ger Terje Johansson, koncernchef p\u00e5 Framtiden.<\/p>\n<p>Samarbetet bygger, likt tidigare handslag, p\u00e5 lokal n\u00e4rvaro och omr\u00e5desspecifika insatser. Bland m\u00e5ls\u00e4ttningarna m\u00e4rks b\u00e5de f\u00f6rb\u00e4ttrade skolresultat och \u00f6kad syssels\u00e4ttningsgrad. I detta handslag tas det s\u00e4rskilt fasta p\u00e5 barn och ungas f\u00f6ruts\u00e4ttningar och uppv\u00e4xtvillkor och en viktig framg\u00e5ngsfaktor blir att involvera dem som medskapare av de insatser som ska genomf\u00f6ras.<\/p>\n<p><strong>Nya parter engagerar sig<\/strong><br \/>\u2013 N\u00e4r ett nytt handslag nu tar form i Hammarkullen \u00e4r syftet att st\u00e4rka den sociala h\u00e5llbarheten i omr\u00e5det. Med barn och unga i fokus vill vi bidra till framtidstro, jobb och meningsfull fritid \u2013 i n\u00e4ra samverkan med de krafter som redan verkar i omr\u00e5det, s\u00e4ger Anja Skans som \u00e4r H\u00e5llbarhetsspecialist stadsutveckling och social h\u00e5llbarhet p\u00e5 Skanska Sverige.<\/p>\n<p>Framtidenkoncernen arbetar aktivt f\u00f6r att n\u00e5 m\u00e5let om att G\u00f6teborg inte ska ha n\u00e5gra s\u00e4rskilt utsatta omr\u00e5den. Men det \u00e4r uppenbart att ingen akt\u00f6r sj\u00e4lv kan v\u00e4nda utvecklingen, det kr\u00e4vs insatser fr\u00e5n det offentliga, n\u00e4ringslivet och civilsamh\u00e4llet. D\u00e4rf\u00f6r \u00e4r dessa breda \u00f6verenskommelser viktiga b\u00e5de lokalt och principiellt.<\/p>\n<p>\u2013 Vi ser ett stort v\u00e4rde i att samlas kring gemensamma m\u00e5l. Vi som \u00e4r ett forskande f\u00f6retag kan hj\u00e4lpa till att inspirera till, och skapa b\u00e4ttre f\u00f6ruts\u00e4ttningar f\u00f6r studier f\u00f6r barn och unga i Hammarkullen. Det handlar om att f\u00f6rst\u00e4rka det goda arbete som redan p\u00e5g\u00e5r, och att bygga vidare tillsammans, s\u00e4ger Matti Ahlqvist, Executive Director p\u00e5 AstraZeneca i G\u00f6teborg.<\/p>\n<p>\u2013 Att utveckla en attraktiv destination handlar i grunden om att lyfta och st\u00e4rka hela staden. Detta \u00e4r ett viktigt handslag f\u00f6r framtiden, d\u00e4r offentliga akt\u00f6rer, n\u00e4ringsliv och lokala initiativ samverkar f\u00f6r att skapa en h\u00e5llbar stad och destination, s\u00e4ger Peter Gr\u00f6nberg, vd p\u00e5 G\u00f6teborg &amp; Co.<\/p>\n<p><strong>Bygger p\u00e5 samlad erfarenhet<\/strong><br \/>Samarbetet i Hammarkullen startar under v\u00e5ren 2026 och det finns mycket erfarenheter att dra fr\u00e5n de tre befintliga handslagen i staden.<\/p>\n<p>\u2013 Samarbetet bygger p\u00e5 den modell som utvecklats inom Handslag f\u00f6r G\u00f6teborg, d\u00e4r stad, n\u00e4ringsliv och fastighets\u00e4gare samverkar l\u00e5ngsiktigt f\u00f6r att skapa konkreta resultat. F\u00f6r varje nytt handslag skaffar vi en allt bredare erfarenhet och b\u00e4ttre f\u00f6ruts\u00e4ttningar att anpassa oss till varje omr\u00e5des unika m\u00f6jligheter och utmaningar, s\u00e4ger Patrik Andersson, vd p\u00e5 Business Region G\u00f6teborg.<\/p>\n<p>\u2013 En fortsatt samverkan mellan det offentliga och n\u00e4ringslivet i viktiga samh\u00e4llsutvecklingsfr\u00e5gor \u00e4r ett bevis p\u00e5 den l\u00f6sningsorienterade h\u00e5llningen i G\u00f6teborg d\u00e4r vi, fr\u00e5n v\u00e5ra respektive utg\u00e5ngspunkter, \u00e4r villiga att gemensamt bidra och ta ansvar f\u00f6r stadens utveckling, s\u00e4ger Jonas Attenius, kommunstyrelsens ordf\u00f6rande i G\u00f6teborg.<\/p>\n<p><strong>Samarbetets l\u00e5ngsiktiga resultat<\/strong><br \/>Samarbetet i Hammarkullen startar idag, med undertecknandet av avtalet. M\u00e5let \u00e4r att bidra till att fler klarar skolan med beh\u00f6righet till gymnasiet, att skapa fler arbetstillf\u00e4llen, fler feriejobb och fler f\u00f6retagsetableringar. Redan nu \u00e4r det parternas uttalade vilja att kraftsamla s\u00e4rskilt kring l\u00e5ngsiktiga satsningar med fokus p\u00e5 barn och ungas uppv\u00e4xtvillkor och framtidstro. Arbetet med hur detta ska g\u00f6ras startar nu och kommer att ske i dialog med ber\u00f6rda i omr\u00e5det.<\/p>\n<p><strong>Mer om Handslag f\u00f6r G\u00f6teborg<\/strong><br \/>Handslag f\u00f6r G\u00f6teborg \u00e4r ett samverkansinitiativ mellan n\u00e4ringsliv, stad och fastighets\u00e4gare f\u00f6r att gemensamt bidra till en positiv omr\u00e5desutveckling i G\u00f6teborg. Fokus ligger p\u00e5 utbildning, jobb, f\u00f6retagande och framtidstro samtidigt som vi st\u00e4rker trygghet och inkludering. Sedan tidigare finns tre handslag: Destination Tynnered, Handslag Biskopsg\u00e5rden och Handslag Bergsj\u00f6n. I alla handslag \u00e4r Framtidenkoncernen och Business Region G\u00f6teborg partners.<\/p>\n<p>L\u00e4s mer om:\u00a0<a href=\"https:\/\/www.businessregiongoteborg.se\/naringslivsutveckling\/hallbar-utveckling\/handslag-goteborg\" rel=\"nofollow noopener\" target=\"_blank\">Handslag f\u00f6r G\u00f6teborg<\/a><\/p>\n","protected":false},"excerpt":{"rendered":"\u2013 Genom detta handslag skapas nya f\u00f6ruts\u00e4ttningar att flytta Hammarkullen fr\u00e5n polisens lista \u00f6ver s\u00e4rskilt utsatta. Ett m\u00e5l&hellip;\n","protected":false},"author":2,"featured_media":111246,"comment_status":"","ping_status":"","sticky":false,"template":"","format":"standard","meta":{"footnotes":""},"categories":[5],"tags":[22,23,26,27,17,21,24,25,28,29,15,16,18,34,31,33,32,30,19,20],"class_list":{"0":"post-111245","1":"post","2":"type-post","3":"status-publish","4":"format-standard","5":"has-post-thumbnail","7":"category-rubriker","8":"tag-breaking-news","9":"tag-breakingnews","10":"tag-featured-news","11":"tag-featurednews","12":"tag-headlines","13":"tag-huvudnyheter","14":"tag-latest-news","15":"tag-latestnews","16":"tag-main-news","17":"tag-mainnews","18":"tag-news","19":"tag-nyheter","20":"tag-rubriker","21":"tag-se","22":"tag-svenska","23":"tag-sverige","24":"tag-sweden","25":"tag-swedish","26":"tag-top-stories","27":"tag-topstories"},"share_on_mastodon":{"url":"https:\/\/pubeurope.com\/@se\/115746747416296217","error":""},"_links":{"self":[{"href":"https:\/\/www.europesays.com\/se\/wp-json\/wp\/v2\/posts\/111245","targetHints":{"allow":["GET"]}}],"collection":[{"href":"https:\/\/www.europesays.com\/se\/wp-json\/wp\/v2\/posts"}],"about":[{"href":"https:\/\/www.europesays.com\/se\/wp-json\/wp\/v2\/types\/post"}],"author":[{"embeddable":true,"href":"https:\/\/www.europesays.com\/se\/wp-json\/wp\/v2\/users\/2"}],"replies":[{"embeddable":true,"href":"https:\/\/www.europesays.com\/se\/wp-json\/wp\/v2\/comments?post=111245"}],"version-history":[{"count":0,"href":"https:\/\/www.europesays.com\/se\/wp-json\/wp\/v2\/posts\/111245\/revisions"}],"wp:featuredmedia":[{"embeddable":true,"href":"https:\/\/www.europesays.com\/se\/wp-json\/wp\/v2\/media\/111246"}],"wp:attachment":[{"href":"https:\/\/www.europesays.com\/se\/wp-json\/wp\/v2\/media?parent=111245"}],"wp:term":[{"taxonomy":"category","embeddable":true,"href":"https:\/\/www.europesays.com\/se\/wp-json\/wp\/v2\/categories?post=111245"},{"taxonomy":"post_tag","embeddable":true,"href":"https:\/\/www.europesays.com\/se\/wp-json\/wp\/v2\/tags?post=111245"}],"curies":[{"name":"wp","href":"https:\/\/api.w.org\/{rel}","templated":true}]}}