{"id":111249,"date":"2025-12-19T14:41:07","date_gmt":"2025-12-19T14:41:07","guid":{"rendered":"https:\/\/www.europesays.com\/se\/111249\/"},"modified":"2025-12-19T14:41:07","modified_gmt":"2025-12-19T14:41:07","slug":"oscar-anderssons-succedebut-dar-ar-han-snabbast-av-alla-haftigt-skidskytte","status":"publish","type":"post","link":"https:\/\/www.europesays.com\/se\/111249\/","title":{"rendered":"Oscar Anderssons succ\u00e9debut \u2013 d\u00e4r \u00e4r han snabbast av alla: \u201dH\u00e4ftigt\u201d | Skidskytte"},"content":{"rendered":"<p>Publicerad 19 dec 2025 kl 15.24Uppdaterad kl 15.39<\/p>\n<p>De svenska toppnamnen sk\u00f6t bort pallplatserna. Men d\u00e4r bakom gjorde debutanten Oscar Andersson, 23 succ\u00e9. Han stod f\u00f6r noll bom i det st\u00e5ende skyttet och snabbast skjuttid p\u00e5 vallen.\u00a0<\/p>\n<p>\u2013 Det \u00e4r h\u00e4ftigt, s\u00e4ger SVT:s expert Mona Brorsson.<\/p>\n<p><img   alt=\"\"\/><\/p>\n<p>Oscar Andersson.<\/p>\n<p>Foto: MATHIAS BERGELD \/ BILDBYR\u00c5N<\/p>\n<p>\u00d6ppna bild i helsk\u00e4rm<img loading=\"lazy\"   alt=\"\"\/> <\/p>\n<p>Foto: Biathlon Results<\/p>\n<p>\u00d6ppna bild i helsk\u00e4rm<\/p>\n<p>Sebastian Samuelsson gick mot pallplats efter i sprint efter det liggande skyttet, d\u00e4r han l\u00e5g trea efter att alla \u00e5kare l\u00e4mnat vallen. Men hoppet om en topp tre-placering grusades efter tv\u00e5 bom i det st\u00e5ende skyttet.\u00a0<\/p>\n<p>I st\u00e4llet fick han k\u00e4mpa mot Martin Ponsiluoma om placeringarna precis bakom pallen. De tv\u00e5 svenskarna gick b\u00e5da ut 25 sekunder efter ledande hemma\u00e5karen \u00c9milien Jacquelin. I m\u00e5l skilde det 3,5 sekunder mellan de tv\u00e5, Samuelsson slutade sexa och Ponsiluoma sjua.<\/p>\n<p>\u2013 Jag ska leka hem det \u2013 det \u00e4r frustrerande, s\u00e4ger Samuelsson till SVT efter loppet.<\/p>\n<p>Om Samuelsson, med tv\u00e5 bom, och Ponsiluoma med en bom, hade det sv\u00e5rt i det st\u00e5ende skyttet gjorde Oscar Andersson succ\u00e9 p\u00e5 vallen.<\/p>\n<p>\u201dInget speciellt\u201d<\/p>\n<p>Den 23-\u00e5rige debutanten hade snabbast skjuttid av alla i st\u00e5ende. Totalt tog serien 17 sekunder \u2013 fem tiondelar snabbare \u00e4n italienaren Christoph Pircher som var n\u00e4st snabbast.<\/p>\n<p>\u2013 Det var sk\u00f6nt att klara av st\u00e5skyttet. Men det \u00e4r m\u00e5nga som skjuter fort p\u00e5 t\u00e4vlingen, s\u00e5 det \u00e4r inget speciellt t\u00e4nker jag, s\u00e4ger Andersson efter succ\u00e9n.<\/p>\n<p>Efter att ha inlett med en bom i liggande k\u00f6rde Andersson till slut in p\u00e5 en 32:a-plats.<\/p>\n<p>\u2013 Det var h\u00e4ftigt och roligt. Kul att g\u00f6ra debut h\u00e4r i Annecy. Men det var lite nerv\u00f6st, jag k\u00e4nde det p\u00e5 inskjutningen. Det var lite skakigt mot hur det brukar vara.<\/p>\n<p>\u2013 Jag f\u00f6rs\u00f6kte komma in i mitt lopp och g\u00f6ra det jag kan. Men det var nerv\u00f6st n\u00e4stan hela tiden.<\/p>\n<p>Texten uppdateras.<\/p>\n","protected":false},"excerpt":{"rendered":"Publicerad 19 dec 2025 kl 15.24Uppdaterad kl 15.39 De svenska toppnamnen sk\u00f6t bort pallplatserna. Men d\u00e4r bakom gjorde&hellip;\n","protected":false},"author":2,"featured_media":111250,"comment_status":"","ping_status":"","sticky":false,"template":"","format":"standard","meta":{"footnotes":""},"categories":[67],"tags":[104,34,945,31,33,32,30,105],"class_list":{"0":"post-111249","1":"post","2":"type-post","3":"status-publish","4":"format-standard","5":"has-post-thumbnail","7":"category-underhallning","8":"tag-entertainment","9":"tag-se","10":"tag-sections-skidskytte","11":"tag-svenska","12":"tag-sverige","13":"tag-sweden","14":"tag-swedish","15":"tag-underhallning"},"share_on_mastodon":{"url":"https:\/\/pubeurope.com\/@se\/115746759359311431","error":""},"_links":{"self":[{"href":"https:\/\/www.europesays.com\/se\/wp-json\/wp\/v2\/posts\/111249","targetHints":{"allow":["GET"]}}],"collection":[{"href":"https:\/\/www.europesays.com\/se\/wp-json\/wp\/v2\/posts"}],"about":[{"href":"https:\/\/www.europesays.com\/se\/wp-json\/wp\/v2\/types\/post"}],"author":[{"embeddable":true,"href":"https:\/\/www.europesays.com\/se\/wp-json\/wp\/v2\/users\/2"}],"replies":[{"embeddable":true,"href":"https:\/\/www.europesays.com\/se\/wp-json\/wp\/v2\/comments?post=111249"}],"version-history":[{"count":0,"href":"https:\/\/www.europesays.com\/se\/wp-json\/wp\/v2\/posts\/111249\/revisions"}],"wp:featuredmedia":[{"embeddable":true,"href":"https:\/\/www.europesays.com\/se\/wp-json\/wp\/v2\/media\/111250"}],"wp:attachment":[{"href":"https:\/\/www.europesays.com\/se\/wp-json\/wp\/v2\/media?parent=111249"}],"wp:term":[{"taxonomy":"category","embeddable":true,"href":"https:\/\/www.europesays.com\/se\/wp-json\/wp\/v2\/categories?post=111249"},{"taxonomy":"post_tag","embeddable":true,"href":"https:\/\/www.europesays.com\/se\/wp-json\/wp\/v2\/tags?post=111249"}],"curies":[{"name":"wp","href":"https:\/\/api.w.org\/{rel}","templated":true}]}}