{"id":111253,"date":"2025-12-19T14:45:07","date_gmt":"2025-12-19T14:45:07","guid":{"rendered":"https:\/\/www.europesays.com\/se\/111253\/"},"modified":"2025-12-19T14:45:07","modified_gmt":"2025-12-19T14:45:07","slug":"detaljplan-for-soderhamnsporten-oppnar-for-etableringar-max-narmast","status":"publish","type":"post","link":"https:\/\/www.europesays.com\/se\/111253\/","title":{"rendered":"Detaljplan f\u00f6r S\u00f6derhamnsporten \u00f6ppnar f\u00f6r etableringar \u2013 Max n\u00e4rmast"},"content":{"rendered":"<p class=\"font-normal\">N\u00e4mnden f\u00f6r samh\u00e4llsservice godk\u00e4nde 17 december detaljplanen f\u00f6r S\u00f6derhamnsporten. N\u00e4r den vinner laga kraft och m\u00f6jligheten att \u00f6verklaga \u00e4r slut inom n\u00e5gon vecka \u00e4r kommunen redo att skriva ett genomf\u00f6randeavtal med hamburgerkedjan som i flera \u00e5r visat intresse f\u00f6r S\u00f6derhamn och l\u00e4get vid S\u00f6derhamnsporten.<\/p>\n<p class=\"font-normal\">&#8211; De har verkligen visat t\u00e5lamod och det k\u00e4nns kul att nu \u00e4ntligen kunna vara redo att skriva avtal, s\u00e4ger kommunstyrelsen ordf\u00f6rande John-Erik Jansson (C).<\/p>\n<p>Potentiell byggstart 2026<\/p>\n<p class=\"font-normal\">Efter det att ett avtal om genomf\u00f6rande tecknats f\u00f6r att reglera kostnader f\u00f6r byggnationen s\u00e5 \u00e5terst\u00e5r ytterligare n\u00e5gra steg innan spaden kan s\u00e4ttas i marken. Potentiell byggstart skulle kunna vara 2026 med \u00f6ppning 2027.<\/p>\n<p class=\"font-normal\">Dessutom visar fler verksamheter intresse f\u00f6r S\u00f6derhamnsporten, dialoger f\u00f6rs men inga avtal \u00e4r skrivna.<\/p>\n<p class=\"font-normal\">&#8211; Att detaljplanen nu \u00e4r klar markerar n\u00e4sta steg i en etablering som m\u00e5nga har sett fram emot. Max satsning i S\u00f6derhamn st\u00e4rker b\u00e5de utbudet och attraktionskraften i kommunen \u2013 och bidrar till fler arbetstillf\u00e4llen och ett v\u00e4xande n\u00e4ringsliv, s\u00e4ger Ola Andersson, n\u00e4ringslivschef i S\u00f6derhamns kommun.<\/p>\n","protected":false},"excerpt":{"rendered":"N\u00e4mnden f\u00f6r samh\u00e4llsservice godk\u00e4nde 17 december detaljplanen f\u00f6r S\u00f6derhamnsporten. N\u00e4r den vinner laga kraft och m\u00f6jligheten att \u00f6verklaga&hellip;\n","protected":false},"author":2,"featured_media":111254,"comment_status":"","ping_status":"","sticky":false,"template":"","format":"standard","meta":{"footnotes":""},"categories":[12],"tags":[22,23,26,27,17,21,24,25,28,29,15,16,18,34,31,33,32,30,19,20],"class_list":{"0":"post-111253","1":"post","2":"type-post","3":"status-publish","4":"format-standard","5":"has-post-thumbnail","7":"category-sverige","8":"tag-breaking-news","9":"tag-breakingnews","10":"tag-featured-news","11":"tag-featurednews","12":"tag-headlines","13":"tag-huvudnyheter","14":"tag-latest-news","15":"tag-latestnews","16":"tag-main-news","17":"tag-mainnews","18":"tag-news","19":"tag-nyheter","20":"tag-rubriker","21":"tag-se","22":"tag-svenska","23":"tag-sverige","24":"tag-sweden","25":"tag-swedish","26":"tag-top-stories","27":"tag-topstories"},"share_on_mastodon":{"url":"https:\/\/pubeurope.com\/@se\/115746775076856979","error":""},"_links":{"self":[{"href":"https:\/\/www.europesays.com\/se\/wp-json\/wp\/v2\/posts\/111253","targetHints":{"allow":["GET"]}}],"collection":[{"href":"https:\/\/www.europesays.com\/se\/wp-json\/wp\/v2\/posts"}],"about":[{"href":"https:\/\/www.europesays.com\/se\/wp-json\/wp\/v2\/types\/post"}],"author":[{"embeddable":true,"href":"https:\/\/www.europesays.com\/se\/wp-json\/wp\/v2\/users\/2"}],"replies":[{"embeddable":true,"href":"https:\/\/www.europesays.com\/se\/wp-json\/wp\/v2\/comments?post=111253"}],"version-history":[{"count":0,"href":"https:\/\/www.europesays.com\/se\/wp-json\/wp\/v2\/posts\/111253\/revisions"}],"wp:featuredmedia":[{"embeddable":true,"href":"https:\/\/www.europesays.com\/se\/wp-json\/wp\/v2\/media\/111254"}],"wp:attachment":[{"href":"https:\/\/www.europesays.com\/se\/wp-json\/wp\/v2\/media?parent=111253"}],"wp:term":[{"taxonomy":"category","embeddable":true,"href":"https:\/\/www.europesays.com\/se\/wp-json\/wp\/v2\/categories?post=111253"},{"taxonomy":"post_tag","embeddable":true,"href":"https:\/\/www.europesays.com\/se\/wp-json\/wp\/v2\/tags?post=111253"}],"curies":[{"name":"wp","href":"https:\/\/api.w.org\/{rel}","templated":true}]}}