{"id":111255,"date":"2025-12-19T14:46:12","date_gmt":"2025-12-19T14:46:12","guid":{"rendered":"https:\/\/www.europesays.com\/se\/111255\/"},"modified":"2025-12-19T14:46:12","modified_gmt":"2025-12-19T14:46:12","slug":"sa-blir-pensionen-2026-pensionsmyndigheten","status":"publish","type":"post","link":"https:\/\/www.europesays.com\/se\/111255\/","title":{"rendered":"S\u00e5 blir pensionen 2026 | Pensionsmyndigheten"},"content":{"rendered":"<p>De flesta pension\u00e4rer f\u00e5r 2026 en h\u00f6jning av sin totala pension, det vill s\u00e4ga den allm\u00e4nna pensionen, bostadstill\u00e4gg och tj\u00e4nstepensionen samt skattef\u00f6r\u00e4ndringar som p\u00e5verkar pensionen.<\/p>\n<p>\u2013 De flesta f\u00e5r n\u00e4sta \u00e5r en \u00f6kning av sin totala pension med mellan 110 och 900 kronor efter skatt. I genomsnitt inneb\u00e4r det en h\u00f6gre \u00f6kning av pensionen j\u00e4mf\u00f6rt med prisernas utveckling, s\u00e4ger Linda Wiese som \u00e4r analytiker p\u00e5 Pensionsmyndigheten.<\/p>\n<p>Hur stor h\u00f6jningen blir skiljer sig f\u00f6r var och en. Det beror p\u00e5 att pensionens olika delar p\u00e5verkas av olika faktorer. Inkomst- och till\u00e4ggspensionen f\u00f6r\u00e4ndras utifr\u00e5n inkomstutvecklingen i Sverige och h\u00f6js 2026 med mellan 159 kronor och 401 kronor f\u00f6re skatt f\u00f6r de flesta. Garantipensionen f\u00f6ljer prisutvecklingen och s\u00e4nks med mellan 94 kronor och 3 kronor f\u00f6re skatt f\u00f6r de flesta pension\u00e4rer.<\/p>\n<p>\u2013 Tittar man isolerat p\u00e5 garantipensionen s\u00e5 blir det en liten s\u00e4nkning f\u00f6r de flesta pension\u00e4rer. Det beror p\u00e5 att n\u00e4stan alla med garantipension ocks\u00e5 har inkomst- och till\u00e4ggspension. N\u00e4r dessa delar h\u00f6js s\u00e5 s\u00e4nks samtidigt garantipensionen som \u00e4r ett komplement. S\u00e5 i praktiken f\u00e5r man som pension\u00e4r en \u00f6kning av den totala pensionen n\u00e4r vi summerar inkomstpension, till\u00e4ggspension och garantipension eftersom garantipensionen \u00e4r en mindre del av den totala allm\u00e4nna pensionen f\u00f6r de allra flesta, s\u00e4ger Alma Masic, analytiker p\u00e5 Pensionsmyndigheten.<\/p>\n<p>Premiepensionens f\u00f6r\u00e4ndring best\u00e4ms av hur premiepensionsfonderna har utvecklats under \u00e5ret och f\u00f6r majoriteten av pension\u00e4rerna blir det en liten \u00f6kning. \u00d6kningen \u00e4r f\u00f6r de flesta mindre \u00e4n f\u00f6rra \u00e5ret och ungef\u00e4r en av fyra f\u00e5r en s\u00e4nkning av sin premiepension.<\/p>\n<p>Ungef\u00e4r nio av tio personer har tj\u00e4nstepension som betalas av arbetsgivaren. F\u00f6rm\u00e5nsbest\u00e4mda tj\u00e4nstepensioner f\u00f6ljer normalt prisutvecklingen medan premiebest\u00e4mda tj\u00e4nstepensioner varierar beroende p\u00e5 hur tillg\u00e5ngarna har utvecklats.<\/p>\n<p>S\u00e5 tar man reda p\u00e5 sitt belopp &#8211; sj\u00e4lvbetj\u00e4ning fr\u00e5n den 29 december<\/p>\n<p>\u2013 Vi tar emot dubbelt s\u00e5 m\u00e5nga samtal som normalt under januari. De flesta som ringer vill veta storleken p\u00e5 den f\u00f6rsta utbetalningen i januari. Men fler och fler uppt\u00e4cker v\u00e5r sj\u00e4lvbetj\u00e4ning som den med e-legitimation kan ringa till fr\u00e5n den 29 december. D\u00e5 f\u00e5r man som pension\u00e4r sitt belopp uppl\u00e4st och slipper st\u00e5 i telefonk\u00f6, s\u00e4ger Linda Wiese.<\/p>\n<p>Sj\u00e4lvbetj\u00e4ningen n\u00e5s via det vanliga telefonnumret 0771-776 776. Det g\u00e5r ocks\u00e5 bra att logga in fr\u00e5n den 1 januari p\u00e5 pensionsmyndigheten.se f\u00f6r att se sin pensionsutbetalning f\u00f6r januari 2026.<\/p>\n<p>Pensionsmyndigheten skickar ocks\u00e5 ut det orange kuvertet om 2026 \u00e5rs utbetalningar som n\u00e5r pension\u00e4rer i mitten av januari.<\/p>\n<p>Sammanfattning: S\u00e5 blir pensionen* 2026 (2025 i parentes)<\/p>\n<p>Den genomsnittliga totala pensionen, det vill s\u00e4ga allm\u00e4n pension och tj\u00e4nstepension**, \u00f6kar med 110 \u2013 900 (330 \u2013 1\u00a0530) kronor per m\u00e5nad efter skatt. Det motsvarar en \u00f6kning p\u00e5 140 \u2013 560 (460 \u2013 1\u00a0590) kronor per m\u00e5nad f\u00f6re skatt. Att pensionen \u00f6kar mer efter \u00e4n f\u00f6re skatt har att g\u00f6ra med att det f\u00f6rh\u00f6jda grundavdraget f\u00f6rst\u00e4rks ytterligare n\u00e4sta \u00e5r och bidrar till en l\u00e4gre skatt f\u00f6r en majoritet av pension\u00e4rerna.<\/p>\n<p>Inkomst- och till\u00e4ggspensionen h\u00f6js med 1,9 (4,0) procent, i genomsnitt 159\u00a0\u2013 401 (316 \u2013 796) kronor f\u00f6re skatt. H\u00f6jningen med 1,9 procent motsvarar inkomstutvecklingen p\u00e5 3,5 procent efter avdrag av 1,6 procent i f\u00f6rskottsr\u00e4nta.<\/p>\n<p>Personer f\u00f6dda 1938 eller senare omfattas \u00e4ven av premiepensionen. Premiepensionen f\u00f6r\u00e4ndras med -1,8 \u2013 5,3 (11,7 \u2013 28,1) procent, vilket motsvarar -29 \u2013 65 (25 \u2013 557) kronor i m\u00e5naden f\u00f6re skatt.<\/p>\n<p>Garantipensionen och vissa tj\u00e4nstepensioner h\u00f6js med prisbasbeloppets f\u00f6r\u00e4ndring som \u00e4r 0,7 (2,6) procent. Garantipensionen \u00e4ndras med -94 \u2013 -3 (-92 \u2013 73) kronor per m\u00e5nad f\u00f6re skatt.<\/p>\n<p>Regelf\u00f6r\u00e4ndringar vid \u00e5rsskiftet<\/p>\n<ul>\n<li>Det f\u00f6rh\u00f6jda grundavdraget f\u00f6rst\u00e4rks ytterligare.<\/li>\n<li>F\u00f6rh\u00f6jt grundavdrag g\u00e4ller f\u00f6r personer f\u00f6dda 1959 och tidigare.<\/li>\n<li>Personer f\u00f6dda 1960 eller senare som jobbar f\u00e5r ist\u00e4llet motsvarande jobbskatteavdrag.<\/li>\n<li>Skiktgr\u00e4nsen f\u00f6r statlig skatt flyttas \u00e5terigen upp.<\/li>\n<li>Den kommunala skattesatsen minskar i genomsnitt med 3 \u00f6re till 32,38 procent.<\/li>\n<\/ul>\n<p>Fotnoter<\/p>\n<p>*) De redovisade beloppens intervall omfattar 80 procent av alla pension\u00e4rer f\u00f6dda 1959 eller tidigare som \u00e4r bosatta i Sverige och tar ut full pension.<\/p>\n<p>**) Tj\u00e4nstepensionen f\u00f6r 2026 bygger p\u00e5 en framskrivning av tj\u00e4nstepensionen f\u00f6r 2024. Framskrivningen g\u00f6rs d\u00e5 Pensionsmyndigheten f\u00e5r uppgifter om tj\u00e4nstepension f\u00f6r 2025 f\u00f6rst i april 2026, och f\u00f6r 2026 i april 2027.<\/p>\n<p>Bilagor<\/p>\n<p><a href=\"https:\/\/qcnl.tv\/p\/CxZ5qtaGQpSMWBiP9o5WTg\" target=\"_blank\" rel=\"noopener noreferrer nofollow\" data-external=\"true\">Se presstr\u00e4ffen streamad eller i efterhand<\/a><\/p>\n<p><a href=\"https:\/\/www.pensionsmyndigheten.se\/content\/dam\/pensionsmyndigheten\/pressmeddelanden\/S%C3%A5%20blir%20pensionen%202026%20presentation.pdf\" target=\"_blank\" rel=\"nofollow noopener\">Presentationen fr\u00e5n presstr\u00e4ffen (PDF)<\/a><\/p>\n<p><a href=\"https:\/\/www.pensionsmyndigheten.se\/content\/dam\/pensionsmyndigheten\/pressmeddelanden\/karta_median_2026.pdf\" target=\"_blank\" rel=\"nofollow noopener\">Grafik karta \u00f6ver Sverige med medianpension per kommun (PDF)<\/a><\/p>\n<p><a href=\"https:\/\/www.pensionsmyndigheten.se\/content\/dam\/pensionsmyndigheten\/pressmeddelanden\/S%C3%A5%20blir%20pensionen%202026%20underlag.xlsx\" target=\"_blank\" rel=\"nofollow noopener\">Dataunderlag (Excel)<\/a><\/p>\n<p>Vidare information f\u00f6r journalister<\/p>\n<p>Johan Andersson, pressekreterare, 072-210 21 63, johan.e.andersson@pensionsmyndigheten.se<\/p>\n<p>Pressjour, kv\u00e4llar och helger, 010-454 30 00, press@pensionsmyndigheten.se<\/p>\n","protected":false},"excerpt":{"rendered":"De flesta pension\u00e4rer f\u00e5r 2026 en h\u00f6jning av sin totala pension, det vill s\u00e4ga den allm\u00e4nna pensionen, bostadstill\u00e4gg&hellip;\n","protected":false},"author":2,"featured_media":40038,"comment_status":"","ping_status":"","sticky":false,"template":"","format":"standard","meta":{"footnotes":""},"categories":[5],"tags":[22,23,26,27,17,21,24,25,28,29,15,16,18,34,31,33,32,30,19,20],"class_list":{"0":"post-111255","1":"post","2":"type-post","3":"status-publish","4":"format-standard","5":"has-post-thumbnail","7":"category-rubriker","8":"tag-breaking-news","9":"tag-breakingnews","10":"tag-featured-news","11":"tag-featurednews","12":"tag-headlines","13":"tag-huvudnyheter","14":"tag-latest-news","15":"tag-latestnews","16":"tag-main-news","17":"tag-mainnews","18":"tag-news","19":"tag-nyheter","20":"tag-rubriker","21":"tag-se","22":"tag-svenska","23":"tag-sverige","24":"tag-sweden","25":"tag-swedish","26":"tag-top-stories","27":"tag-topstories"},"share_on_mastodon":{"url":"https:\/\/pubeurope.com\/@se\/115746778846127294","error":""},"_links":{"self":[{"href":"https:\/\/www.europesays.com\/se\/wp-json\/wp\/v2\/posts\/111255","targetHints":{"allow":["GET"]}}],"collection":[{"href":"https:\/\/www.europesays.com\/se\/wp-json\/wp\/v2\/posts"}],"about":[{"href":"https:\/\/www.europesays.com\/se\/wp-json\/wp\/v2\/types\/post"}],"author":[{"embeddable":true,"href":"https:\/\/www.europesays.com\/se\/wp-json\/wp\/v2\/users\/2"}],"replies":[{"embeddable":true,"href":"https:\/\/www.europesays.com\/se\/wp-json\/wp\/v2\/comments?post=111255"}],"version-history":[{"count":0,"href":"https:\/\/www.europesays.com\/se\/wp-json\/wp\/v2\/posts\/111255\/revisions"}],"wp:featuredmedia":[{"embeddable":true,"href":"https:\/\/www.europesays.com\/se\/wp-json\/wp\/v2\/media\/40038"}],"wp:attachment":[{"href":"https:\/\/www.europesays.com\/se\/wp-json\/wp\/v2\/media?parent=111255"}],"wp:term":[{"taxonomy":"category","embeddable":true,"href":"https:\/\/www.europesays.com\/se\/wp-json\/wp\/v2\/categories?post=111255"},{"taxonomy":"post_tag","embeddable":true,"href":"https:\/\/www.europesays.com\/se\/wp-json\/wp\/v2\/tags?post=111255"}],"curies":[{"name":"wp","href":"https:\/\/api.w.org\/{rel}","templated":true}]}}