{"id":111263,"date":"2025-12-19T14:53:24","date_gmt":"2025-12-19T14:53:24","guid":{"rendered":"https:\/\/www.europesays.com\/se\/111263\/"},"modified":"2025-12-19T14:53:24","modified_gmt":"2025-12-19T14:53:24","slug":"nu-kommer-domen-mot-chrippa-folj-var-rapportering-corren","status":"publish","type":"post","link":"https:\/\/www.europesays.com\/se\/111263\/","title":{"rendered":"Nu kommer domen mot Chrippa \u2013 f\u00f6lj v\u00e5r rapportering &#8211; Corren"},"content":{"rendered":"<ol>\n<li><a href=\"https:\/\/news.google.com\/rss\/articles\/CBMiqgFBVV95cUxNV25QQ2FsWVc5bndRbW9UTjRuRjBvd2FFY1gzYzdSbVd1Zzc1bG1oSklicTh0a1dJbUdGNEpBNlVIaC02SGtDemtnSXY4eGhvNEhGYVVnRkJidUdwSkRuRWUtLWNJVTJ2VGRpNGJXM0xnLTdEOTVUbkxvbVQ4dUUxNldQX2I5LTJ0d1F5SGYyUXI4VmluX0ZTVHhUWGoyRk9RVDdURnA5NmVpQQ?oc=5\" target=\"_blank\" rel=\"nofollow noopener\">Nu kommer domen mot Chrippa \u2013 f\u00f6lj v\u00e5r rapportering<\/a>&nbsp;&nbsp;Corren<\/li>\n<li><a href=\"https:\/\/news.google.com\/rss\/articles\/CBMimwFBVV95cUxONjc4OVNRZkF0RFZ5ck4zV2ZwaThPZ2lYa1liUzRSb1MzRnVwUzlaNnpXZTdOYUJIOURBZXJWWFMxSVc0QzFxbFZUa3lTVE9EQ1FZMUNyRDJ6TGt1aVd1ZnRyQXBzaUVVRFFLTUxjOEd5VXRMZEc4TnNZV0tCT2c3eXliUllhYVZIWGxuekxZeTNYeTRYcmpVbFFrdw?oc=5\" target=\"_blank\" rel=\"nofollow noopener\">Christofer \u201dChrippa\u201d Lundstr\u00f6m d\u00f6ms till f\u00e4ngelse<\/a>&nbsp;&nbsp;Aftonbladet<\/li>\n<li><a href=\"https:\/\/news.google.com\/rss\/articles\/CBMijgFBVV95cUxPaW9wdXI0dS1ZQlMwX1UtNDQ2VUx4LVY2UEdQM3R4ZXUyMkU0LURYcTNUQV9ycDF0aHBuM1hoUThNN3VyWkhkcnZTY0Q2RkpKQTNFUjJjSnY5TEFVYWZlLW5JNlRMWXRJa3NRbWZIVlBIbzJMQnNsN3ZBUVVoZzR5WFdoX0FGclpxZTI3aUtR?oc=5\" target=\"_blank\" rel=\"nofollow noopener\">Christofer \u201dChrippa\u201d Lundstr\u00f6ms advokat: \u201dVi kommer \u00f6verklaga\u201d<\/a>&nbsp;&nbsp;Sveriges Radio<\/li>\n<li><a href=\"https:\/\/news.google.com\/rss\/articles\/CBMimwFBVV95cUxQWVY2SmVHM3daWDZqdHl2SDl3cmFVV3ZfQkN0WjlkQ2NYN2VaZERncWhKVXBxVGgzUHRGbkR2dXQxWkhWMG1EX3AtZkJCWVRUa1l3ZklsaWhUbGVYcEE1b1JXd1J6dl9DNHR4LTNOQnhpVmRFOGJFTzl0VjFoTHRfcEZLYUcxNTA3Z1phU25EM0tUNUVZR3A0XzlSOA?oc=5\" target=\"_blank\" rel=\"nofollow noopener\">Influencern \u201dChrippa\u201d d\u00f6ms till f\u00e4ngelse f\u00f6r grova ekobrott<\/a>&nbsp;&nbsp;SVT Nyheter<\/li>\n<li><a href=\"https:\/\/news.google.com\/rss\/articles\/CBMitwFBVV95cUxQNmU3a2tvYnV5cGQxSi16T3JqYXVTYTdMNWFjV25yRW16cHlZOXFxUXJuQ3JTWno1X1VKLTRKRE5sRjVWZmlueWlqYkRIVUhzS0xFQzZReTVJLVdwcjVESmdrMFZyY25lZzdscDQ0QUdLc2JKbENDNEN6Q2t5bHpMd3ZZaVo4NEhaUEpjMFdOSUU0VlBOVHNMR21PR0Z1TVJMMmJYYmFBMXZMY1dBSm5XTkJHMUxwWEE?oc=5\" target=\"_blank\" rel=\"nofollow noopener\">\u201dChrippa\u201d d\u00f6ms f\u00f6r flera grova ekobrott \u2013 s\u00e5 blir straffet<\/a>&nbsp;&nbsp;GP<\/li>\n<\/ol>\n","protected":false},"excerpt":{"rendered":"Nu kommer domen mot Chrippa \u2013 f\u00f6lj v\u00e5r rapportering&nbsp;&nbsp;Corren Christofer \u201dChrippa\u201d Lundstr\u00f6m d\u00f6ms till f\u00e4ngelse&nbsp;&nbsp;Aftonbladet Christofer \u201dChrippa\u201d Lundstr\u00f6ms&hellip;\n","protected":false},"author":2,"featured_media":111264,"comment_status":"","ping_status":"","sticky":false,"template":"","format":"standard","meta":{"footnotes":""},"categories":[12],"tags":[22,23,26,27,17,21,24,25,28,29,15,16,18,34,31,33,32,30,19,20],"class_list":{"0":"post-111263","1":"post","2":"type-post","3":"status-publish","4":"format-standard","5":"has-post-thumbnail","7":"category-sverige","8":"tag-breaking-news","9":"tag-breakingnews","10":"tag-featured-news","11":"tag-featurednews","12":"tag-headlines","13":"tag-huvudnyheter","14":"tag-latest-news","15":"tag-latestnews","16":"tag-main-news","17":"tag-mainnews","18":"tag-news","19":"tag-nyheter","20":"tag-rubriker","21":"tag-se","22":"tag-svenska","23":"tag-sverige","24":"tag-sweden","25":"tag-swedish","26":"tag-top-stories","27":"tag-topstories"},"share_on_mastodon":{"url":"https:\/\/pubeurope.com\/@se\/115746806508224359","error":""},"_links":{"self":[{"href":"https:\/\/www.europesays.com\/se\/wp-json\/wp\/v2\/posts\/111263","targetHints":{"allow":["GET"]}}],"collection":[{"href":"https:\/\/www.europesays.com\/se\/wp-json\/wp\/v2\/posts"}],"about":[{"href":"https:\/\/www.europesays.com\/se\/wp-json\/wp\/v2\/types\/post"}],"author":[{"embeddable":true,"href":"https:\/\/www.europesays.com\/se\/wp-json\/wp\/v2\/users\/2"}],"replies":[{"embeddable":true,"href":"https:\/\/www.europesays.com\/se\/wp-json\/wp\/v2\/comments?post=111263"}],"version-history":[{"count":0,"href":"https:\/\/www.europesays.com\/se\/wp-json\/wp\/v2\/posts\/111263\/revisions"}],"wp:featuredmedia":[{"embeddable":true,"href":"https:\/\/www.europesays.com\/se\/wp-json\/wp\/v2\/media\/111264"}],"wp:attachment":[{"href":"https:\/\/www.europesays.com\/se\/wp-json\/wp\/v2\/media?parent=111263"}],"wp:term":[{"taxonomy":"category","embeddable":true,"href":"https:\/\/www.europesays.com\/se\/wp-json\/wp\/v2\/categories?post=111263"},{"taxonomy":"post_tag","embeddable":true,"href":"https:\/\/www.europesays.com\/se\/wp-json\/wp\/v2\/tags?post=111263"}],"curies":[{"name":"wp","href":"https:\/\/api.w.org\/{rel}","templated":true}]}}