{"id":111265,"date":"2025-12-19T14:54:17","date_gmt":"2025-12-19T14:54:17","guid":{"rendered":"https:\/\/www.europesays.com\/se\/111265\/"},"modified":"2025-12-19T14:54:17","modified_gmt":"2025-12-19T14:54:17","slug":"sd-krisen-i-norrbotten-vaxer-folkvalda-lamnar-pa-lopande-band","status":"publish","type":"post","link":"https:\/\/www.europesays.com\/se\/111265\/","title":{"rendered":"SD-krisen i Norrbotten v\u00e4xer \u2013 folkvalda l\u00e4mnar p\u00e5 l\u00f6pande band"},"content":{"rendered":"<p>Under h\u00f6sten och tidig vinter har tiotal representanter f\u00f6r Sverigedemokraterna i Norrbotten valt att l\u00e4mna partiet \u2013 flera sitter kvar som politiska vildar i kommunfullm\u00e4ktige.<\/p>\n<p>SVT har varit i kontakt med flera av avhopparna som s\u00e4ger att orsaken till stor del handlar om att partist\u00e4mman bantade ned distriktsstyrelsen och att den nu till stor del \u00e4r baserad p\u00e5 representanter fr\u00e5n Lule\u00e5 och Pite\u00e5.<\/p>\n<p>\u2013 Om Pite\u00e5 och Lule\u00e5 har 80-85 procent av r\u00f6sterna p\u00e5 st\u00e4mman s\u00e5 f\u00e5r man alltid igenom sitt f\u00f6rslag, s\u00e4ger Tor Erling Andreassen, tidigare SD-ordf\u00f6rande i Jokkmokk.<\/p>\n<p>Regionpolitiker har l\u00e4mnat<\/p>\n<p>F\u00f6r bara ett par dagar sedan rapporterade SVT att <a href=\"https:\/\/www.svt.se\/nyheter\/lokalt\/norrbotten\/sd-i-jokkmokk-avvecklas-efter-partitoppens-utspel\" rel=\"nofollow noopener\" target=\"_blank\">Jokkmokks styrelse l\u00e4mnar sina roller med omedelbar verkan.<\/a> De ledande regionpolitikerna Marianne Sandstr\u00f6m och Lars-\u00c5ke Vikstr\u00f6m har sedan tidigare l\u00e4mnat partiet.<\/p>\n<p>\u2013 Jag kan inte bara st\u00e5 och se p\u00e5 n\u00e4r partiet f\u00f6r\u00e4ndras, <a href=\"https:\/\/www.svt.se\/nyheter\/lokalt\/norrbotten\/sd-politikern-lamnar-partiet-kritiken-konen-behandlas-olika\" rel=\"nofollow noopener\" target=\"_blank\">sade hon till SVT.<\/a><\/p>\n<p>I Boden har distriktet f\u00e5tt ta \u00f6ver styrelsen d\u00e5 flertalet styrelsemedlemmar valt att l\u00e4mna p\u00e5 kort tid. Avhoppen irriterar distriktsstyrelsens vice ordf\u00f6rande Dexter Krokstedt (SD).<\/p>\n<p>\u2013 Jag kan bara beklaga att det finns f\u00f6retr\u00e4dare f\u00f6r oss som l\u00e4mnar partiet, men sitter kvar som vildar ist\u00e4llet, s\u00e4ger han.<\/p>\n<p>Tvingades bort f\u00f6r en lajk<\/p>\n<p>F\u00f6r Maria Nordmark Vikstr\u00f6m i Boden \u00e4r l\u00e4get annorlunda. Hon l\u00e4mnade inte Sverigedemokraterna frivilligt utan utesl\u00f6ts under h\u00f6sten f\u00f6r att hon gillade ett inl\u00e4gg p\u00e5 sociala medier som handlade om Dexter Krokstedt.<\/p>\n<p>\u2013 Jag skickade ett n\u00f6drop till partiledningen p\u00e5 mejl men de kunde inte ens f\u00f6rm\u00e5 sig att svara p\u00e5 det, s\u00e4ger hon.<\/p>\n<p>Krokstedt delar inte hennes bild och tycker att tidigare representanter bedriver en svartm\u00e5lningskampanj.<\/p>\n<p>\u2013 Det \u00e4r beklagligt n\u00e4r m\u00e4nniskor inte kan respektera ett demokratiskt beslut, s\u00e4ger han.<\/p>\n","protected":false},"excerpt":{"rendered":"Under h\u00f6sten och tidig vinter har tiotal representanter f\u00f6r Sverigedemokraterna i Norrbotten valt att l\u00e4mna partiet \u2013 flera&hellip;\n","protected":false},"author":2,"featured_media":111266,"comment_status":"","ping_status":"","sticky":false,"template":"","format":"standard","meta":{"footnotes":""},"categories":[5],"tags":[22,23,26,27,17,21,24,25,28,29,15,16,18,34,31,33,32,30,19,20],"class_list":{"0":"post-111265","1":"post","2":"type-post","3":"status-publish","4":"format-standard","5":"has-post-thumbnail","7":"category-rubriker","8":"tag-breaking-news","9":"tag-breakingnews","10":"tag-featured-news","11":"tag-featurednews","12":"tag-headlines","13":"tag-huvudnyheter","14":"tag-latest-news","15":"tag-latestnews","16":"tag-main-news","17":"tag-mainnews","18":"tag-news","19":"tag-nyheter","20":"tag-rubriker","21":"tag-se","22":"tag-svenska","23":"tag-sverige","24":"tag-sweden","25":"tag-swedish","26":"tag-top-stories","27":"tag-topstories"},"share_on_mastodon":{"url":"https:\/\/pubeurope.com\/@se\/115746810267955058","error":""},"_links":{"self":[{"href":"https:\/\/www.europesays.com\/se\/wp-json\/wp\/v2\/posts\/111265","targetHints":{"allow":["GET"]}}],"collection":[{"href":"https:\/\/www.europesays.com\/se\/wp-json\/wp\/v2\/posts"}],"about":[{"href":"https:\/\/www.europesays.com\/se\/wp-json\/wp\/v2\/types\/post"}],"author":[{"embeddable":true,"href":"https:\/\/www.europesays.com\/se\/wp-json\/wp\/v2\/users\/2"}],"replies":[{"embeddable":true,"href":"https:\/\/www.europesays.com\/se\/wp-json\/wp\/v2\/comments?post=111265"}],"version-history":[{"count":0,"href":"https:\/\/www.europesays.com\/se\/wp-json\/wp\/v2\/posts\/111265\/revisions"}],"wp:featuredmedia":[{"embeddable":true,"href":"https:\/\/www.europesays.com\/se\/wp-json\/wp\/v2\/media\/111266"}],"wp:attachment":[{"href":"https:\/\/www.europesays.com\/se\/wp-json\/wp\/v2\/media?parent=111265"}],"wp:term":[{"taxonomy":"category","embeddable":true,"href":"https:\/\/www.europesays.com\/se\/wp-json\/wp\/v2\/categories?post=111265"},{"taxonomy":"post_tag","embeddable":true,"href":"https:\/\/www.europesays.com\/se\/wp-json\/wp\/v2\/tags?post=111265"}],"curies":[{"name":"wp","href":"https:\/\/api.w.org\/{rel}","templated":true}]}}