{"id":111272,"date":"2025-12-19T15:00:12","date_gmt":"2025-12-19T15:00:12","guid":{"rendered":"https:\/\/www.europesays.com\/se\/111272\/"},"modified":"2025-12-19T15:00:12","modified_gmt":"2025-12-19T15:00:12","slug":"forsvar-och-forenkling-i-fokus","status":"publish","type":"post","link":"https:\/\/www.europesays.com\/se\/111272\/","title":{"rendered":"F\u00f6rsvar och f\u00f6renkling i fokus"},"content":{"rendered":"<p>Med underskrifter fr\u00e5n Europaparlamentets talman Roberta Metsola, kommissionens ordf\u00f6rande Ursula von der Leyen och Danmarks statsminister Mette Frederiksen \u2013 som f\u00f6retr\u00e4der det nuvarande ordf\u00f6randeskapet i ministerr\u00e5det \u2013 \u00e4r EU:s f\u00e4rdriktning f\u00f6r 2026 formellt fastslagen.<\/p>\n<p>Bakgrunden till prioriteringarna \u00e4r ett globalt l\u00e4ge som beskrivs som snabbt f\u00f6r\u00e4nderligt och utmanande. Institutionerna betonar att snabbhet och enighet \u00e4r avg\u00f6rande f\u00f6r att unionen ska kunna h\u00e4vda sig.<\/p>\n<p>\u2013 Europa r\u00f6r sig fram\u00e5t n\u00e4r vi alla drar \u00e5t samma h\u00e5ll. Denna gemensamma f\u00f6rklaring f\u00f6r 2026 \u00e4r mer \u00e4n bara ord p\u00e5 ett papper \u2013 det \u00e4r ett tecken p\u00e5 enighet och v\u00e5r fasta \u00f6vertygelse att leva upp till m\u00e4nniskors f\u00f6rv\u00e4ntningar, sade Roberta Metsola i ett uttalande.<\/p>\n<p><strong>Ny era f\u00f6r s\u00e4kerhet<\/strong><br \/>I toppen av agendan ligger ambitionen att inleda en &#8221;ny era&#8221; f\u00f6r europeiskt f\u00f6rsvar och s\u00e4kerhet. Detta inneb\u00e4r konkret att EU ska forts\u00e4tta st\u00f6dja Ukraina och arbeta f\u00f6r en r\u00e4ttvis fred, men ocks\u00e5 att unionen m\u00e5ste st\u00e4rka sin egen f\u00f6rsvarsindustriella bas. M\u00e5let \u00e4r att \u00f6ka beredskapen fram till 2030 genom gemensam upphandling och utveckling av f\u00f6rsvarsmateriel.<\/p>\n<p>S\u00e4kerhetsaspekten kopplas \u00e4ven till energipolitiken, d\u00e4r arbetet med att eliminera beroendet av rysk olja och gas ska forts\u00e4tta.<\/p>\n<p>\u2013 I dag st\u00e5r vi enade med en gemensam vision f\u00f6r v\u00e5r unions framtid. Vi m\u00e5ste leverera en ny era av europeisk s\u00e4kerhet \u2013 och det b\u00f6rjar med en r\u00e4ttvis och varaktig fred f\u00f6r Ukraina och st\u00e4rkandet av v\u00e5rt eget f\u00f6rsvar, sade Ursula von der Leyen.<\/p>\n<p><strong>F\u00f6renkling och konkurrenskraft<\/strong><br \/>Vid sidan av s\u00e4kerhetspolitiken 2026 l\u00e4ggs stor vikt vid EU-l\u00e4ndernas ekonomiska konkurrenskraft. En central del i detta \u00e4r en &#8221;ambiti\u00f6s f\u00f6renklingsstrategi&#8221;. Institutionerna utlovar att p\u00e5skynda arbetet med f\u00f6rslag som minskar regelb\u00f6rdan f\u00f6r f\u00f6retag, s\u00e4rskilt genom de s\u00e5 kallade Omnibus-paketen som syftar till att rensa i befintlig lagstiftning.<\/p>\n<p>Samtidigt ska den inre marknaden f\u00f6rdjupas och en &#8221;verklig energiunion&#8221; byggas f\u00f6re decenniets slut. Detta ska ske parallellt med att klimatm\u00e5len h\u00e5lls, men med ett tydligt fokus p\u00e5 att omst\u00e4llningen m\u00e5ste vara kostnadseffektiv och pragmatisk.<\/p>\n<p><strong>Tio prioriterade lagf\u00f6rslag<\/strong><br \/>F\u00f6rklaringen pekar ut specifika lagstiftningsakter som ska prioriteras under 2026. Bland dessa \u00e5terfinns ett nytt fordonspaket och en EU-plan f\u00f6r bost\u00e4der till \u00f6verkomlig kostnad.<\/p>\n<p>Inom migrationsomr\u00e5det ligger fokus p\u00e5 att slutf\u00f6ra arbetet med \u00e5terv\u00e4ndandef\u00f6rordningen och st\u00e4rka kontrollen av de yttre gr\u00e4nserna. Detta beskrivs som en del i en \u00f6vergripande strategi f\u00f6r gr\u00e4nsf\u00f6rvaltning.<\/p>\n<p>\u2013 Vi m\u00e5ste ocks\u00e5 bygga ett mer konkurrenskraftigt, r\u00e4ttvisare Europa f\u00f6r v\u00e5ra medborgare och f\u00f6retag. Och slutligen \u00e4r vi fast beslutna att n\u00e5 en snabb \u00f6verenskommelse om n\u00e4sta l\u00e5ngtidsbudget, sade Ursula von der Leyen.<\/p>\n<p>Just fler\u00e5rsbudgeten n\u00e4mns ocks\u00e5. F\u00f6rhandlingarna om n\u00e4sta budgetram v\u00e4ntas bli tuffa, men institutionerna lovar att arbeta f\u00f6r en snabb \u00f6verenskommelse f\u00f6r att s\u00e4kra medel till de uppsatta m\u00e5len.<\/p>\n","protected":false},"excerpt":{"rendered":"Med underskrifter fr\u00e5n Europaparlamentets talman Roberta Metsola, kommissionens ordf\u00f6rande Ursula von der Leyen och Danmarks statsminister Mette Frederiksen&hellip;\n","protected":false},"author":2,"featured_media":111273,"comment_status":"","ping_status":"","sticky":false,"template":"","format":"standard","meta":{"footnotes":""},"categories":[14],"tags":[22,23,26,27,17,21,24,25,28,29,15,16,18,34,31,33,32,30,19,20,51,52,53,54],"class_list":{"0":"post-111272","1":"post","2":"type-post","3":"status-publish","4":"format-standard","5":"has-post-thumbnail","7":"category-varlden","8":"tag-breaking-news","9":"tag-breakingnews","10":"tag-featured-news","11":"tag-featurednews","12":"tag-headlines","13":"tag-huvudnyheter","14":"tag-latest-news","15":"tag-latestnews","16":"tag-main-news","17":"tag-mainnews","18":"tag-news","19":"tag-nyheter","20":"tag-rubriker","21":"tag-se","22":"tag-svenska","23":"tag-sverige","24":"tag-sweden","25":"tag-swedish","26":"tag-top-stories","27":"tag-topstories","28":"tag-varlden","29":"tag-world","30":"tag-world-news","31":"tag-worldnews"},"share_on_mastodon":{"url":"https:\/\/pubeurope.com\/@se\/115746833940757297","error":""},"_links":{"self":[{"href":"https:\/\/www.europesays.com\/se\/wp-json\/wp\/v2\/posts\/111272","targetHints":{"allow":["GET"]}}],"collection":[{"href":"https:\/\/www.europesays.com\/se\/wp-json\/wp\/v2\/posts"}],"about":[{"href":"https:\/\/www.europesays.com\/se\/wp-json\/wp\/v2\/types\/post"}],"author":[{"embeddable":true,"href":"https:\/\/www.europesays.com\/se\/wp-json\/wp\/v2\/users\/2"}],"replies":[{"embeddable":true,"href":"https:\/\/www.europesays.com\/se\/wp-json\/wp\/v2\/comments?post=111272"}],"version-history":[{"count":0,"href":"https:\/\/www.europesays.com\/se\/wp-json\/wp\/v2\/posts\/111272\/revisions"}],"wp:featuredmedia":[{"embeddable":true,"href":"https:\/\/www.europesays.com\/se\/wp-json\/wp\/v2\/media\/111273"}],"wp:attachment":[{"href":"https:\/\/www.europesays.com\/se\/wp-json\/wp\/v2\/media?parent=111272"}],"wp:term":[{"taxonomy":"category","embeddable":true,"href":"https:\/\/www.europesays.com\/se\/wp-json\/wp\/v2\/categories?post=111272"},{"taxonomy":"post_tag","embeddable":true,"href":"https:\/\/www.europesays.com\/se\/wp-json\/wp\/v2\/tags?post=111272"}],"curies":[{"name":"wp","href":"https:\/\/api.w.org\/{rel}","templated":true}]}}