{"id":111277,"date":"2025-12-19T15:04:09","date_gmt":"2025-12-19T15:04:09","guid":{"rendered":"https:\/\/www.europesays.com\/se\/111277\/"},"modified":"2025-12-19T15:04:09","modified_gmt":"2025-12-19T15:04:09","slug":"finalisterna-till-radiosportens-jerringpris-2025-klara-pressinformation","status":"publish","type":"post","link":"https:\/\/www.europesays.com\/se\/111277\/","title":{"rendered":"Finalisterna till Radiosportens Jerringpris 2025 klara &#8211; Pressinformation"},"content":{"rendered":"<p>I Radiosportens s\u00e4ndning under fredagseftermiddagen meddelades de \u00e5tta namn som kvarst\u00e5r som nominerade till att vinna Jerringpriset 2025.<\/p>\n<p><strong>De \u00e5tta \u00e4r:<\/strong><\/p>\n<p>Andreas Almgren, friidrott <br \/>N\u00e5dde fram. Efter m\u00e5nga skadepl\u00e5gade \u00e5r tog han p\u00e5 10 000 meter Sveriges f\u00f6rsta manliga VM-medalj utomhus i l\u00f6pning med sitt brons. Under \u00e5ret satte han \u00e4ven flera Europarekord p\u00e5 olika distanser. <br \/>Tel: 099-906 01<\/p>\n<p><strong>Ebba Andersson, skidor<\/strong> <br \/>Snuvade Johaug. Hon betvingade sportens m\u00e5ng\u00e5riga totaldominant Therese Johaug tv\u00e5 g\u00e5nger &#8211; p\u00e5 norskans egen hemmaplan &#8211; f\u00f6r tv\u00e5 individuella VM-guld. D\u00e4refter \u00e4ven VM-guld i stafetten.<br \/>Tel: 099-906 02<\/p>\n<p><strong>Armand Duplantis, friidrott<\/strong> <br \/>H\u00f6gre \u00e4n h\u00f6gst. VM-guld i stavhopp i Tokyo kryddades med ett nytt v\u00e4rldsrekord n\u00e4r han n\u00e5dde dr\u00f6mgr\u00e4nsen 6,30 meter. Totalt under s\u00e4songen satte han fyra v\u00e4rldsrekord.<br \/>Tel: 099-906 03 \u00a0\u00a0<\/p>\n<p><strong>Mj\u00e4llby AIF, fotboll<\/strong> <br \/>Liten blev st\u00f6rst. En av de st\u00f6rsta skr\u00e4llarna i svensk fotbollshistoria n\u00e4r det blev allsvenskt guld, efter bara en f\u00f6rlust p\u00e5 hela s\u00e4songen. Satte nytt po\u00e4ngrekord och uppm\u00e4rksammades internationellt.<br \/>Tel: 099-906 04<\/p>\n<p><strong>Truls M\u00f6reg\u00e5rdh, bordtennis <\/strong><br \/>H\u00f6gsta v\u00e4rldsniv\u00e5. Vann i Malm\u00f6 en Grand Smash-turnering, vilket ingen icke-kines tidigare lyckats med. I finalen besegrade han den kinesiska v\u00e4rldsettan. Tidigare under \u00e5ret tog han individuellt VM-brons i Doha.<br \/>Tel: 099-906 05<\/p>\n<p><strong>Jenny Rissveds, mountainbike<\/strong> <br \/>Dominant i m\u00e4sterskapen. Vann guld b\u00e5de i EM och VM p\u00e5 den olympiska distansen. D\u00e4rtill tog hon EM-guld och VM-silver p\u00e5 kortdistans, vilket p\u00e5visar stor m\u00e5ngsidighet.<br \/>Tel: 099-906 06<\/p>\n<p><strong>Daniel St\u00e5hl, friidrott<\/strong> <br \/>Bl\u00f6t hj\u00e4lte. I Tokyos \u00f6sregn trivdes han och vann VM-guldet i diskus efter enorm dramatik. I sitt sista f\u00f6rs\u00f6k slog han till med t\u00e4vlingens l\u00e4ngsta kast, vilket den tidigare ledaren inte kunde svara p\u00e5.<br \/>Tel: 099-906 07<\/p>\n<p><strong>Jonna Sundling, skidor<\/strong> <br \/>Medaljregn. Vann VM-guld i b\u00e5de sprint och sprintstafett samt brons i skiathlon. Hon blev ocks\u00e5 hj\u00e4lte i damstafetten d\u00e4r hon gjorde en bragdartad upph\u00e4mtning p\u00e5 sista str\u00e4ckan och ordnade svenskt guld.<br \/>Tel: 099-906 08<\/p>\n<p>Placeringarna f\u00f6r de kandidater som inte gick vidare:<\/p>\n<p>9. Frida Karlsson, skidor <br \/>10. Maja Stark, golf <br \/>11. Isabelle Haak, volleyboll <br \/>12. Elvira \u00d6berg, skidskytte <br \/>13. Viktor Gy\u00f6keres, fotboll<\/p>\n<p><strong>R\u00f6stningen forts\u00e4tter enligt nedan.<\/strong><br \/>Den andra r\u00f6stningsomg\u00e5ngen \u00e4r \u00f6ppen fr\u00e5n och med nu fram till onsdag 21 januari kl. 12.00.<\/p>\n<p>Tredje r\u00f6stningsomg\u00e5ngen startar kl. 20.00 den 21 januari samtidigt som Idrottsgalans tv-s\u00e4ndning och under s\u00e4ndningen kommer de \u00e5tta l\u00f6pande att bli f\u00e4rre f\u00f6r att slutligen kora vinnaren p\u00e5 galan.<\/p>\n<p><strong>Var kan man r\u00f6sta?<br \/><\/strong>Man kan r\u00f6sta p\u00e5 telefon eller digitalt. Att ring-r\u00f6sta kostar 15 kr per samtal (plus ev trafikavgifter) och d\u00e5 g\u00e5r 13,68 kr till Idrottsgalans och Radiohj\u00e4lpens insamling \u201dIdrott \u00e4r mer \u00e4n bara idrott\u201d f\u00f6r att fr\u00e4mja psykisk h\u00e4lsa. Det g\u00e5r ocks\u00e5 att r\u00f6sta utan kostnad i appen Sveriges Radio och i SVT Duo i den andra r\u00f6stningsomg\u00e5ngen.<\/p>\n<p>I den tredje och sista r\u00f6stningsomg\u00e5ngen under Idrottsgalan \u00e4r det endast m\u00f6jligt att r\u00f6sta via telefon och SVT:s Duo-app. Det \u00e4r ocks\u00e5 m\u00f6jligt att sk\u00e4nka valfritt belopp till Radiohj\u00e4lpens pg 901950-6 eller swisha till 90 1950 6, d\u00e5 ska betalningen m\u00e4rkas \u201didrott\u201d.<\/p>\n<p><strong>Om Radiosportens Jerringpris:<br \/><\/strong>Radiosportens Jerringpris delas ut en g\u00e5ng per \u00e5r f\u00f6r \u00e5rets b\u00e4sta svenska idrottsprestation. \u00c5rets upplaga \u00e4r den 47:e i ordningen. Priset kan erh\u00e5llas av s\u00e5v\u00e4l individ som lag, av aktiv eller ledare och ett obegr\u00e4nsat antal g\u00e5nger av samma vinnare.<\/p>\n<p>Radiosportens redaktion utser kandidaterna som deltar i omr\u00f6stningen. Vinnaren r\u00f6stas fram av svenska folket. Radiosportens Jerringpris instiftades 1979 till minne av Sveriges Radio-medarbetaren Sven Jerring.<\/p>\n<p>L\u00e4s mer h\u00e4r:\u00a0<a target=\"_blank\" rel=\"noopener noreferrer nofollow\" href=\"https:\/\/sverigesradio.se\/grupp\/16930\">Jerringpriset | Sveriges Radio<\/a><\/p>\n<p><strong>F\u00f6r mer information, v\u00e4nligen kontakta:<br \/><\/strong>Tobias Rosvall, redaktionschef Radiosporten<a target=\"_blank\" rel=\"noopener noreferrer nofollow\" href=\"https:\/\/www.sverigesradio.se\/artikel\/mailto:Radiosporten\ufffctobias.rosvall@sverigesradio.se\"><br \/>tobias.rosvall@sverigesradio.se<\/a> <\/p>\n<p>Eva Sahlin, pressansvarig<a target=\"_blank\" rel=\"noopener noreferrer nofollow\" href=\"https:\/\/www.sverigesradio.se\/artikel\/mailto:pressansvarig\ufffceva.sahlin@sverigesradio.se\"><br \/>eva.sahlin@sverigesradio.se<\/a><br \/>070-684 18 52<\/p>\n","protected":false},"excerpt":{"rendered":"I Radiosportens s\u00e4ndning under fredagseftermiddagen meddelades de \u00e5tta namn som kvarst\u00e5r som nominerade till att vinna Jerringpriset 2025.&hellip;\n","protected":false},"author":2,"featured_media":111278,"comment_status":"","ping_status":"","sticky":false,"template":"","format":"standard","meta":{"footnotes":""},"categories":[68],"tags":[1183,1184,1181,1180,34,111,110,1182,31,33,32,30],"class_list":{"0":"post-111277","1":"post","2":"type-post","3":"status-publish","4":"format-standard","5":"has-post-thumbnail","7":"category-sport","8":"tag-press-sr","9":"tag-pressinfo-sr","10":"tag-pressinformation-sr","11":"tag-presstjnsten-sveriges-radio","12":"tag-se","13":"tag-sport","14":"tag-sports","15":"tag-sr-press","16":"tag-svenska","17":"tag-sverige","18":"tag-sweden","19":"tag-swedish"},"share_on_mastodon":{"url":"https:\/\/pubeurope.com\/@se\/115746849640562661","error":""},"_links":{"self":[{"href":"https:\/\/www.europesays.com\/se\/wp-json\/wp\/v2\/posts\/111277","targetHints":{"allow":["GET"]}}],"collection":[{"href":"https:\/\/www.europesays.com\/se\/wp-json\/wp\/v2\/posts"}],"about":[{"href":"https:\/\/www.europesays.com\/se\/wp-json\/wp\/v2\/types\/post"}],"author":[{"embeddable":true,"href":"https:\/\/www.europesays.com\/se\/wp-json\/wp\/v2\/users\/2"}],"replies":[{"embeddable":true,"href":"https:\/\/www.europesays.com\/se\/wp-json\/wp\/v2\/comments?post=111277"}],"version-history":[{"count":0,"href":"https:\/\/www.europesays.com\/se\/wp-json\/wp\/v2\/posts\/111277\/revisions"}],"wp:featuredmedia":[{"embeddable":true,"href":"https:\/\/www.europesays.com\/se\/wp-json\/wp\/v2\/media\/111278"}],"wp:attachment":[{"href":"https:\/\/www.europesays.com\/se\/wp-json\/wp\/v2\/media?parent=111277"}],"wp:term":[{"taxonomy":"category","embeddable":true,"href":"https:\/\/www.europesays.com\/se\/wp-json\/wp\/v2\/categories?post=111277"},{"taxonomy":"post_tag","embeddable":true,"href":"https:\/\/www.europesays.com\/se\/wp-json\/wp\/v2\/tags?post=111277"}],"curies":[{"name":"wp","href":"https:\/\/api.w.org\/{rel}","templated":true}]}}