{"id":111285,"date":"2025-12-19T15:10:07","date_gmt":"2025-12-19T15:10:07","guid":{"rendered":"https:\/\/www.europesays.com\/se\/111285\/"},"modified":"2025-12-19T15:10:07","modified_gmt":"2025-12-19T15:10:07","slug":"arbetsformedlingen-ska-oka-kannedomen-om-etableringsjobb","status":"publish","type":"post","link":"https:\/\/www.europesays.com\/se\/111285\/","title":{"rendered":"Arbetsf\u00f6rmedlingen ska \u00f6ka k\u00e4nnedomen om etableringsjobb"},"content":{"rendered":"<p>&#13;<br \/>\nF\u00f6r att fler l\u00e5ngtidsarbetsl\u00f6sa ska f\u00e5 m\u00f6jlighet till arbete f\u00e5r Arbetsf\u00f6rmedlingen i uppdrag att sprida kunskap om etableringsjobb. M\u00e5let \u00e4r att fler arbetsgivare och arbetss\u00f6kande ska k\u00e4nna till st\u00f6det och att fler personer ska anst\u00e4llas med etableringsjobb.<\/p>\n<p>Etableringsjobb f\u00f6rb\u00e4ttrar m\u00f6jligheten f\u00f6r personer som st\u00e5r l\u00e5ngt fr\u00e5n arbetsmarknaden att f\u00e5 ett arbete, samtidigt som arbetsgivare f\u00e5r st\u00f6d f\u00f6r att anst\u00e4lla. Genom att \u00f6ka k\u00e4nnedomen om etableringsjobb kan fler arbetsgivare och arbetss\u00f6kande ta del av m\u00f6jligheten.<\/p>\n<p>Arbetet ska genomf\u00f6ras i dialog med arbetsmarknadens parter och \u00e4r en del av Arbetsf\u00f6rmedlingens utvecklade arbetsgivararbete f\u00f6r de som vill anst\u00e4lla l\u00e5ngtidsarbetsl\u00f6sa.<\/p>\n<p>\u2013 Etableringsjobb \u00e4r ett viktigt verktyg f\u00f6r att fler som st\u00e5r l\u00e5ngt fr\u00e5n arbetsmarknaden ska f\u00e5 en chans till arbete. Genom att \u00f6ka kunskapen om anst\u00e4llningsformen kan vi skapa fler v\u00e4gar in i arbetslivet, s\u00e4ger arbetsmarknadsminister Johan Britz.<\/p>\n<p>Arbetsf\u00f6rmedlingen ska l\u00e4mna en muntlig l\u00e4gesbeskrivning till regeringen senast den 28 april 2026 och slutredovisa uppdraget senast den 28 april 2027.<\/p>\n","protected":false},"excerpt":{"rendered":"&#13; F\u00f6r att fler l\u00e5ngtidsarbetsl\u00f6sa ska f\u00e5 m\u00f6jlighet till arbete f\u00e5r Arbetsf\u00f6rmedlingen i uppdrag att sprida kunskap om&hellip;\n","protected":false},"author":2,"featured_media":67452,"comment_status":"","ping_status":"","sticky":false,"template":"","format":"standard","meta":{"footnotes":""},"categories":[12],"tags":[22,23,26,27,17,21,24,25,28,29,15,16,18,34,31,33,32,30,19,20],"class_list":{"0":"post-111285","1":"post","2":"type-post","3":"status-publish","4":"format-standard","5":"has-post-thumbnail","7":"category-sverige","8":"tag-breaking-news","9":"tag-breakingnews","10":"tag-featured-news","11":"tag-featurednews","12":"tag-headlines","13":"tag-huvudnyheter","14":"tag-latest-news","15":"tag-latestnews","16":"tag-main-news","17":"tag-mainnews","18":"tag-news","19":"tag-nyheter","20":"tag-rubriker","21":"tag-se","22":"tag-svenska","23":"tag-sverige","24":"tag-sweden","25":"tag-swedish","26":"tag-top-stories","27":"tag-topstories"},"share_on_mastodon":{"url":"https:\/\/pubeurope.com\/@se\/115746873608632123","error":""},"_links":{"self":[{"href":"https:\/\/www.europesays.com\/se\/wp-json\/wp\/v2\/posts\/111285","targetHints":{"allow":["GET"]}}],"collection":[{"href":"https:\/\/www.europesays.com\/se\/wp-json\/wp\/v2\/posts"}],"about":[{"href":"https:\/\/www.europesays.com\/se\/wp-json\/wp\/v2\/types\/post"}],"author":[{"embeddable":true,"href":"https:\/\/www.europesays.com\/se\/wp-json\/wp\/v2\/users\/2"}],"replies":[{"embeddable":true,"href":"https:\/\/www.europesays.com\/se\/wp-json\/wp\/v2\/comments?post=111285"}],"version-history":[{"count":0,"href":"https:\/\/www.europesays.com\/se\/wp-json\/wp\/v2\/posts\/111285\/revisions"}],"wp:featuredmedia":[{"embeddable":true,"href":"https:\/\/www.europesays.com\/se\/wp-json\/wp\/v2\/media\/67452"}],"wp:attachment":[{"href":"https:\/\/www.europesays.com\/se\/wp-json\/wp\/v2\/media?parent=111285"}],"wp:term":[{"taxonomy":"category","embeddable":true,"href":"https:\/\/www.europesays.com\/se\/wp-json\/wp\/v2\/categories?post=111285"},{"taxonomy":"post_tag","embeddable":true,"href":"https:\/\/www.europesays.com\/se\/wp-json\/wp\/v2\/tags?post=111285"}],"curies":[{"name":"wp","href":"https:\/\/api.w.org\/{rel}","templated":true}]}}