{"id":111286,"date":"2025-12-19T15:11:10","date_gmt":"2025-12-19T15:11:10","guid":{"rendered":"https:\/\/www.europesays.com\/se\/111286\/"},"modified":"2025-12-19T15:11:10","modified_gmt":"2025-12-19T15:11:10","slug":"basta-chansen-pa-20-ar-sverige-far-inte-tveka-ledare","status":"publish","type":"post","link":"https:\/\/www.europesays.com\/se\/111286\/","title":{"rendered":"B\u00e4sta chansen p\u00e5 20 \u00e5r\n\u2013 Sverige f\u00e5r inte tveka | Ledare"},"content":{"rendered":"<p>Publicerad 19 dec 2025 kl 11.25<\/p>\n<p>Sverige f\u00e5r inte tveka. Utrikesminister Maria Malmer Stenergards historiska bes\u00f6k i Eritrea \u00f6ppnar ett f\u00f6nster som varit st\u00e4ngt i n\u00e4stan 25 \u00e5r. Kan Dawit Isaak snart bli fri?<\/p>\n<p><img   alt=\"\"\/><\/p>\n<p>Maria Malmer Stenergard \u00e4r f\u00f6rsta svenska utrikesministern som bes\u00f6kt Eritrea.<\/p>\n<p>Foto: OLLE SPORRONG<\/p>\n<p>\u00d6ppna bild i helsk\u00e4rm<img loading=\"lazy\"   alt=\"\"\/><\/p>\n<p>Den svensk-eritreanske journalisten Dawit Isaak har suttit f\u00e4ngslad sedan 2001.<\/p>\n<p>Foto: KALLE AHLS\u00c9N \/ TT NYHETSBYR\u00c5N<\/p>\n<p>\u00d6ppna bild i helsk\u00e4rm<img loading=\"lazy\"   alt=\"\"\/><\/p>\n<p>Kampanjen f\u00f6r att f\u00e5 honom fri forts\u00e4tter.<\/p>\n<p>Foto: JOHAN JEPPSSON \/ JOHAN JEPPSSON EXPRESSEN<\/p>\n<p>\u00d6ppna bild i helsk\u00e4rm<\/p>\n<p>Utrikesminister Maria Malmer Stenergard, M, har <a href=\"https:\/\/www.expressen.se\/nyheter\/sverige\/svenskt-besok-i-eritrea\/\" rel=\"nofollow noopener\" target=\"_blank\">bes\u00f6kt<\/a> Eritreas huvudstad Asmara i tv\u00e5 dagar, vilket <a href=\"https:\/\/blankspot.se\/sverige-pa-unikt-statsbesok-i-eritrea\/\" rel=\"nofollow noopener\" target=\"_blank\">Blankspot<\/a> var f\u00f6rst att rapportera om. P\u00e5 onsdagen tr\u00e4ffade hon sin eritreanske kollega, Osman Saleh. Detta var f\u00f6rsta g\u00e5ngen en svensk utrikesminister bes\u00f6kte landet sedan sj\u00e4lvst\u00e4ndigheten 1993.<\/p>\n<p><strong>Bes\u00f6ket v\u00e4cker nytt hopp om att den svensk-eritreanske journalisten Dawit Isaak ska sl\u00e4ppas \u2013 efter att ha suttit f\u00e4ngslad utan r\u00e4tteg\u00e5ng i snart 25 \u00e5rs tid. Det \u00e4r den b\u00e4sta chans Sverige haft sedan Dawit Isaak greps p\u00e5 nytt efter ett par dagar i frihet 2005.<\/strong><\/p>\n<p>Vid en presstr\u00e4ff p\u00e5 fredagsf\u00f6rmiddagen bekr\u00e4ftade Malmer Stenergard att man har f\u00e5tt bekr\u00e4ftat: <a href=\"https:\/\/www.expressen.se\/tagg\/person\/dawit-isaak\/\" class=\"\" rel=\"nofollow noopener\" target=\"_blank\">Dawit Isaak<\/a> \u00e4r vid liv.\u00a0<\/p>\n<p>Eritrea \u00e4r ett land som pr\u00e4glats av det l\u00e5nga kriget f\u00f6r sj\u00e4lvst\u00e4ndighet fr\u00e5n Etiopien. Diktaturen \u00e4r brutal och intar den absoluta bottenplatsen i Reportrar utan gr\u00e4nsers <a href=\"https:\/\/rsf.org\/en\/index\" rel=\"nofollow noopener\" target=\"_blank\">index<\/a> \u00f6ver pressfriheten globalt. Det finns inga oberoende medier i landet, som \u00e4r \u201d\u00f6k\u00e4nt f\u00f6r att h\u00e5lla journalister f\u00e4ngslade under l\u00e4ngre tid \u00e4n n\u00e5got annat land i v\u00e4rlden\u201d.\u00a0<\/p>\n<p>Men nu finns tecken p\u00e5 islossning. Den senaste m\u00e5naden har regimen <a href=\"https:\/\/addisstandard.com\/un-welcomes-release-of-eritrean-detainees-urges-freedom-for-10000-arbitrarily-held\/\" rel=\"nofollow noopener\" target=\"_blank\">sl\u00e4ppt<\/a> fler \u00e4n hundra f\u00e5ngar, som suttit i upp till 18 \u00e5r i f\u00e4ngelse utan r\u00e4tteg\u00e5ng eller tillg\u00e5ng till advokat.\u00a0<\/p>\n<p>N\u00e4r Dawit Isaak greps 2001 reagerade Sverige saktf\u00e4rdigt. Det kan ha kostat oss chansen att f\u00e5 honom fri innan det hann g\u00e5 prestige i fr\u00e5gan. Den slutsatsen drog regeringens <a href=\"https:\/\/www.regeringen.se\/rattsliga-dokument\/statens-offentliga-utredningar\/2022\/10\/sou-202255\/\" rel=\"nofollow noopener\" target=\"_blank\">granskningskommission<\/a> f\u00f6r tre \u00e5r sedan.<\/p>\n<blockquote><p>N\u00e4r Dawit Isaak greps 2001 reagerade Sverige saktf\u00e4rdigt<\/p><\/blockquote>\n<p><strong>Under de snart 25 \u00e5r som g\u00e5tt sedan dess har svenska regeringar och myndigheter tyv\u00e4rr f\u00e5tt st\u00f6rre erfarenhet av att f\u00f6rs\u00f6ka f\u00e5 ut svenska reportrar som har gripits av l\u00e4ttst\u00f6tta despoter runtom i v\u00e4rlden.\u00a0<\/strong><\/p>\n<p>Martin Schibbye och Johan Persson satt 438 dagar i Kality-f\u00e4ngelset i Etiopien innan de ben\u00e5dades och fick \u00e5ka hem i september 2012. Ben\u00e5dningen var en diplomatisk l\u00f6sning som gav Etiopien m\u00f6jlighet att sl\u00e4ppa svenskarna utan att f\u00f6rlora ansiktet.<\/p>\n<p>Joakim Medin sl\u00e4pptes i maj efter 51 dagar i turkiskt f\u00e4ngelse, anklagad f\u00f6r att ha haft samr\u00f6re med terrorister och f\u00f6rol\u00e4mpat president Erdogan. I hans fall reagerade regeringen b\u00e5de snabbt och tydligt, och idogt arbete p\u00e5 alla diplomatiska niv\u00e5er gav resultat.<\/p>\n<p>Men den svensk-kinesiske f\u00f6rl\u00e4ggaren Gui Minhai befinner sig efter tio tr\u00f6stl\u00f6sa \u00e5r fortfarande i kinesisk f\u00e5ngenskap.\u00a0<\/p>\n<p><strong>Dawit Isaak greps efter att ha skrivit en artikel om politiker som ville se demokratiska reformer i Eritrea. Gui Minhai kidnappades av kinesiska agenter i Thailand efter att ha gett ut misshagliga b\u00f6cker. De \u00e4r svenska medborgare som slagits i bojor f\u00f6r att de anv\u00e4nt sin yttrandefrihet.<\/strong><\/p>\n<p>Varken tyst diplomati eller h\u00f6gljudda protester har f\u00e5tt dem fria. L\u00e5t oss hoppas att Maria Malmer Stenergards \u201dnya ansats\u201d lyckas d\u00e4r andra g\u00e5tt bet.\u00a0<\/p>\n<p>L\u00e5t Dawit Isaak komma hem.<\/p>\n<p><strong>L\u00c4S MER: <\/strong><a href=\"https:\/\/www.expressen.se\/ledare\/ledare-sverige-far-inte-gora-om-misstaget-fran-2001\/\" class=\"\" rel=\"nofollow noopener\" target=\"_blank\">LEDARE: Sverige f\u00e5r inte g\u00f6ra om misstaget fr\u00e5n 2001<\/a><strong>L\u00c4S MER: <\/strong><a href=\"https:\/\/www.expressen.se\/ledare\/patrik-kronqvist\/turkiet-fangslar-reportrar-men-struntar-i-svenska-gang\/\" class=\"\" rel=\"nofollow noopener\" target=\"_blank\">Turkiet f\u00e4ngslar reportrar men struntar i svenska g\u00e4ng<\/a><\/p>\n","protected":false},"excerpt":{"rendered":"Publicerad 19 dec 2025 kl 11.25 Sverige f\u00e5r inte tveka. Utrikesminister Maria Malmer Stenergards historiska bes\u00f6k i Eritrea&hellip;\n","protected":false},"author":2,"featured_media":111287,"comment_status":"","ping_status":"","sticky":false,"template":"","format":"standard","meta":{"footnotes":""},"categories":[5],"tags":[22,23,26,27,17,21,24,25,4048,12280,28,29,15,16,4047,12279,11753,12278,584,18,34,31,33,32,30,19,205,20],"class_list":{"0":"post-111286","1":"post","2":"type-post","3":"status-publish","4":"format-standard","5":"has-post-thumbnail","7":"category-rubriker","8":"tag-breaking-news","9":"tag-breakingnews","10":"tag-featured-news","11":"tag-featurednews","12":"tag-headlines","13":"tag-huvudnyheter","14":"tag-latest-news","15":"tag-latestnews","16":"tag-location-eritrea","17":"tag-location-etiopien","18":"tag-main-news","19":"tag-mainnews","20":"tag-news","21":"tag-nyheter","22":"tag-person-dawit-isaak","23":"tag-person-gui-minhai","24":"tag-person-joakim-medin","25":"tag-person-johan-persson","26":"tag-person-maria-malmer-stenergard","27":"tag-rubriker","28":"tag-se","29":"tag-svenska","30":"tag-sverige","31":"tag-sweden","32":"tag-swedish","33":"tag-top-stories","34":"tag-topic-journalistik-medier","35":"tag-topstories"},"share_on_mastodon":{"url":"https:\/\/pubeurope.com\/@se\/115746877212899619","error":""},"_links":{"self":[{"href":"https:\/\/www.europesays.com\/se\/wp-json\/wp\/v2\/posts\/111286","targetHints":{"allow":["GET"]}}],"collection":[{"href":"https:\/\/www.europesays.com\/se\/wp-json\/wp\/v2\/posts"}],"about":[{"href":"https:\/\/www.europesays.com\/se\/wp-json\/wp\/v2\/types\/post"}],"author":[{"embeddable":true,"href":"https:\/\/www.europesays.com\/se\/wp-json\/wp\/v2\/users\/2"}],"replies":[{"embeddable":true,"href":"https:\/\/www.europesays.com\/se\/wp-json\/wp\/v2\/comments?post=111286"}],"version-history":[{"count":0,"href":"https:\/\/www.europesays.com\/se\/wp-json\/wp\/v2\/posts\/111286\/revisions"}],"wp:featuredmedia":[{"embeddable":true,"href":"https:\/\/www.europesays.com\/se\/wp-json\/wp\/v2\/media\/111287"}],"wp:attachment":[{"href":"https:\/\/www.europesays.com\/se\/wp-json\/wp\/v2\/media?parent=111286"}],"wp:term":[{"taxonomy":"category","embeddable":true,"href":"https:\/\/www.europesays.com\/se\/wp-json\/wp\/v2\/categories?post=111286"},{"taxonomy":"post_tag","embeddable":true,"href":"https:\/\/www.europesays.com\/se\/wp-json\/wp\/v2\/tags?post=111286"}],"curies":[{"name":"wp","href":"https:\/\/api.w.org\/{rel}","templated":true}]}}