{"id":111292,"date":"2025-12-19T15:19:09","date_gmt":"2025-12-19T15:19:09","guid":{"rendered":"https:\/\/www.europesays.com\/se\/111292\/"},"modified":"2025-12-19T15:19:09","modified_gmt":"2025-12-19T15:19:09","slug":"angerfull-men-har-inte-forgripit-mig-pa-henne","status":"publish","type":"post","link":"https:\/\/www.europesays.com\/se\/111292\/","title":{"rendered":"\u201d\u00c5ngerfull \u2013 men har inte f\u00f6rgripit mig p\u00e5 henne\u201d"},"content":{"rendered":"<p>share-arrowDela<\/p>\n<p>unsaveSpara<\/p>\n<p>expand-left<\/p>\n<p>helsk\u00e4rm<img decoding=\"async\" class=\"image-asset hyperion-css-u06ts1\" data-test-tag=\"image-asset\" src=\"https:\/\/www.europesays.com\/se\/wp-content\/uploads\/2025\/12\/562bf49f-ed00-4780-b801-c181136dfc82\"  alt=\"Aftonbladet har pratat med tv\u00e5 av de m\u00e4n som anser sig oskyldigt utpekade f\u00f6r \u00f6vergrepp mot Rosanna.\"  loading=\"eager\" fetchpriority=\"high\" style=\"aspect-ratio:1129 \/ 645\"\/>Aftonbladet har pratat med tv\u00e5 av de m\u00e4n som anser sig oskyldigt utpekade f\u00f6r \u00f6vergrepp mot Rosanna.<\/p>\n<p class=\"hyperion-css-1shl3oz\" data-test-tag=\"lead-text\">Rosanna, 34, polisanm\u00e4lde sin kollega Johan f\u00f6r v\u00e5ldt\u00e4kt.<\/p>\n<p class=\"hyperion-css-1shl3oz\" data-test-tag=\"lead-text\">Han nekade till brott \u2013 men i meddelanden skriver han att han \u201dborde ha insett att han begick \u00f6vergrepp\u201d.<\/p>\n<p class=\"hyperion-css-1shl3oz\" data-test-tag=\"lead-text\">\u2013 Vi hamnade i s\u00e4ngen. Men det var absolut ingen v\u00e5ldt\u00e4kt, s\u00e4ger Johan idag.<\/p>\n<p class=\"hyperion-css-1v9qo5x\">Rosanna, 34, har ber\u00e4ttat f\u00f6r Aftonbladet om de sexualbrott hon genom \u00e5ren anm\u00e4lt.<\/p>\n<p class=\"hyperion-css-1v9qo5x\">Tv\u00e5 av de m\u00e4n hon anm\u00e4lt kallar vi Johan och Ahmed.<\/p>\n<p class=\"hyperion-css-1v9qo5x\">Johan anm\u00e4ldes f\u00f6r v\u00e5ldt\u00e4kt och Ahmed f\u00f6r v\u00e5ldt\u00e4kts\u00adf\u00f6rs\u00f6k. B\u00e5da nekade till brott och utredningarna lades ned. Men i b\u00e5da fallen har Rosanna sparade chatt\u00adkonversationer d\u00e4r m\u00e4nnen uttrycker \u00e5nger. Johan skriver till exempel:<\/p>\n<p class=\"hyperion-css-1v9qo5x\">\u201dJag borde ha insett att jag begick \u00f6vergrepp.\u201d<\/p>\n<p class=\"hyperion-css-1v9qo5x\">N\u00e4r Aftonbladet ringer Johan s\u00e4ger han att han f\u00f6rst\u00e5r att Rosanna vill ge sin version \u2013 men att hans \u00e4r en annan.<\/p>\n<p class=\"hyperion-css-1v9qo5x\">\u2013 Hon flyttade in h\u00e4r f\u00f6r hon hade varit utsatt v\u00e4ldigt mycket innan. Hon och hennes barn beh\u00f6vde n\u00e5gonstans att bo, s\u00e4ger Johan.<\/p>\n<p class=\"hyperion-css-1v9qo5x\">Anm\u00e4lan mot Johan kom in till polisen i oktober 2023. Efter det hade Rosanna och Johan en l\u00e5ng konversation om vad som h\u00e4nt. I somras, tv\u00e5 \u00e5r efter anm\u00e4lan, m\u00f6ttes de p\u00e5 jobbet, ber\u00e4ttar han.<\/p>\n<p>\u201dJag har g\u00e5tt vidare\u201d<\/p>\n<p class=\"hyperion-css-1v9qo5x\">\u2013 Jag sa d\u00e5 att jag har inget behov av att s\u00f6ka upp dig f\u00f6r att g\u00f6ra upp eller n\u00e5got. S\u00e5 du beh\u00f6ver inte vara r\u00e4dd. Jag har g\u00e5tt vidare. Det borde du ocks\u00e5 g\u00f6ra. S\u00e5 att du kan sl\u00e4ppa det h\u00e4r nu.<\/p>\n<p class=\"hyperion-css-1v9qo5x\"><strong>I ett stort antal meddelanden erk\u00e4nner du och \u00e5ngrar dig. Hur f\u00f6rklarar du det?<\/strong><\/p>\n<p class=\"hyperion-css-1v9qo5x\">\u2013 Ja, men jag har ju tagit tillbaka det. Jag skrev meddelandena i f\u00f6rhoppning att hon kanske skulle lugna ner sig lite.<\/p>\n<p class=\"hyperion-css-1v9qo5x\"><strong>Du skriver direkt efter\u00e5t att du utnyttjat henne, att du skulle ha varit ett st\u00f6d men blev en g\u00e4rningsman och att du k\u00e4nner dig \u00e4cklad \u00f6ver dig sj\u00e4lv och kanske m\u00e5ste s\u00f6ka hj\u00e4lp. Varf\u00f6r skrev du s\u00e5?<\/strong><\/p>\n<p class=\"hyperion-css-1v9qo5x\">\u2013 Jag var ju \u00e5ngerfull att det hade blivit som det hade blivit. Men jag har inte f\u00f6rgripit mig p\u00e5 henne. Det var \u00f6msesidigt. Jag sa till henne: Du f\u00e5r bo h\u00e4r \u00e4nd\u00e5, det \u00e4r inga problem.<\/p>\n<p>expand-left<\/p>\n<p>helsk\u00e4rm<img decoding=\"async\" class=\"image-asset hyperion-css-u06ts1\" data-test-tag=\"image-asset\" src=\"https:\/\/www.europesays.com\/se\/wp-content\/uploads\/2025\/12\/01f9a16b-bdc6-4c97-869c-64ce0fadd83d\"  alt=\"Rosanna ber\u00e4ttar i Aftonbladet om de sexualbrott hon anm\u00e4lt. Tv\u00e5 av de hon anklagar \u00e4r Johan och Ahmed. \"  loading=\"eager\" fetchpriority=\"high\" style=\"aspect-ratio:1900 \/ 1267\"\/>Rosanna ber\u00e4ttar i Aftonbladet om de sexualbrott hon anm\u00e4lt. Tv\u00e5 av de hon anklagar \u00e4r Johan och Ahmed. Foto: Meli Petersson Ellafi<\/p>\n<p class=\"hyperion-css-1v9qo5x\">Rosanna bodde en period som inneboende hos Johan.<\/p>\n<p class=\"hyperion-css-1v9qo5x\">Innan hon flyttade in uppr\u00e4ttades ett kontrakt som Johan skrev under. Det g\u00e4llde ett l\u00e5n. I kontraktet f\u00f6reslog Johan sj\u00e4lv att det skulle finnas en formulering om att Rosanna inte skulle beh\u00f6va betala tillbaka l\u00e5net om han visade \u201dv\u00e5ldsamt beteende\u201d mot henne.<\/p>\n<p class=\"hyperion-css-1v9qo5x\"><strong>Varf\u00f6r skrevs ett s\u00e5nt kontrakt?<\/strong><\/p>\n<p class=\"hyperion-css-1v9qo5x\">\u2013 Hon var r\u00e4dd f\u00f6r att jag skulle bli v\u00e5ldsam. Hon hade r\u00e5kat ut f\u00f6r en massa v\u00e5ldsamma m\u00e4n tidigare. Och sen t\u00e4nkte jag hj\u00e4lpa henne genom att ordna upp hennes ekonomi. Jag skrev in att om jag skulle visa v\u00e5ldsamt beteende p\u00e5 n\u00e5got s\u00e4tt s\u00e5 blir l\u00e5net avskrivet. Jag k\u00e4nde att jag m\u00e5ste g\u00f6ra n\u00e5gonting s\u00e5 att hon kan lita p\u00e5 mig fullt ut. Det var ju dumt. Pengarna har jag inte sett r\u00f6ken av.<\/p>\n<p>\u201dDet var bara vi i rummet\u201d<\/p>\n<p class=\"hyperion-css-1v9qo5x\">Ord st\u00e5r mot ord, konstaterar Johan.<\/p>\n<p class=\"hyperion-css-1v9qo5x\">\u2013 Hon kan inte bevisa vad som har h\u00e4nt. Lika lite som jag kan bevisa vad som har h\u00e4nt. F\u00f6r det var bara vi tv\u00e5 i rummet.<\/p>\n<p class=\"hyperion-css-1v9qo5x\">Det f\u00e5r vara nu, s\u00e4ger Johan.<\/p>\n<p class=\"hyperion-css-1v9qo5x\">\u2013 Jag \u00e4r i ett annat f\u00f6rh\u00e5llande i\u00a0dag. Jag har inget behov av att ha n\u00e5gon kontakt med henne.<\/p>\n<p>\u201dHon lj\u00f6g\u201d<\/p>\n<p class=\"hyperion-css-1v9qo5x\">Ocks\u00e5 Ahmed svarar n\u00e4r Aftonbladet ringer och fr\u00e5gar om Rosannas polis\u00adanm\u00e4lan.<\/p>\n<p class=\"hyperion-css-1v9qo5x\">\u2013 Tyv\u00e4rr \u00e4r det s\u00e5. Hon polisanm\u00e4lde mig en g\u00e5ng, s\u00e4ger Ahmed.<\/p>\n<p class=\"hyperion-css-1v9qo5x\"><strong>Kan ni ha uppfattat situationen olika n\u00e4r det h\u00e4nde?<\/strong><\/p>\n<p class=\"hyperion-css-1v9qo5x\">\u2013 Nej. En kompis hj\u00e4lpte mig att anm\u00e4la tillbaka. Jag visste inte hur man g\u00f6r. Men hon lj\u00f6g om att jag v\u00e5ldtog henne.<\/p>\n<p class=\"hyperion-css-1v9qo5x\">Det var dock inte en v\u00e5ldt\u00e4kt Rosanna anm\u00e4lde, utan f\u00f6rs\u00f6k till v\u00e5ldt\u00e4kt. I polis\u00adutredningen gav de skilda versioner kring vad som skett. Ahmed nekade till brott och utredningen lades ned. \u00c4ven utredningen efter Ahmeds motanm\u00e4lan om falsk tillvitelse lades ned.<\/p>\n<p class=\"hyperion-css-1v9qo5x\">I Ahmeds meddelande till Rosanna efter den d\u00e4r kv\u00e4llen framg\u00e5r det dock tydligt att han ber om urs\u00e4kt f\u00f6r n\u00e5got. Han s\u00e4ger att det handlade om n\u00e5got annat.<\/p>\n<p class=\"hyperion-css-1v9qo5x\">\u2013 Nej, allts\u00e5 jag har skrivit att jag gjorde fel, men det handlade s\u00e4kert om n\u00e5gonting annat f\u00f6r hon jobbade ett tag med mig.<\/p>\n<p class=\"hyperion-css-1v9qo5x\"><strong>Ja, ni jobbade p\u00e5 restaurang ihop. Annars \u00e4r hon lastbilschauff\u00f6r.<\/strong><\/p>\n<p class=\"hyperion-css-1v9qo5x\">\u2013 Exakt. Det var s\u00e4kert ang\u00e5ende det. Det var s\u00e4kert n\u00e5got annat, kopplat till jobbet.<\/p>\n<p class=\"hyperion-css-1v9qo5x\"><strong>I meddelandena \u00e4r det tydligt att det handlar om en situation d\u00e4r du \u00e4r hemma hos Rosanna och, enligt henne, har f\u00f6rs\u00f6kt tvinga dig till sex. Efter\u00e5t skriver du:<\/strong><strong> Jag \u00f6nskar att jag kunde d\u00f6 ig\u00e5r f\u00f6r det jag gjorde mot dig<\/strong><strong>.<\/strong><strong> Sn\u00e4lla f\u00f6rl\u00e5t mig<\/strong><strong>.<\/strong><strong> Jag vet att jag gjorde fel med dig. <\/strong><strong>Varf\u00f6r skrev du s\u00e5?<\/strong><\/p>\n<p class=\"hyperion-css-1v9qo5x\">\u2013 Madam, kan jag be er om en sak? Just nu \u00e4r jag p\u00e5 jobbet. Kan vi boka en tid? Jag tar fram meddelandena. Sen kan vi prata.<\/p>\n<p>Tog bort allt<\/p>\n<p class=\"hyperion-css-1v9qo5x\">N\u00e4r Aftonbladet tv\u00e5 dagar senare, p\u00e5 avtalad tid, s\u00f6ker Ahmed, g\u00e5r han inte att n\u00e5.<\/p>\n<p class=\"hyperion-css-1v9qo5x\">En kollega svarar och s\u00e4ger att Ahmed inte vill prata mer om saken.<\/p>\n<p class=\"hyperion-css-1v9qo5x\"><strong>Men har han kvar meddelandena?<\/strong><\/p>\n<p class=\"hyperion-css-1v9qo5x\">\u2013 Han tog bort allting.<\/p>\n<p class=\"hyperion-css-1v9qo5x\"><strong>Fotnot: <\/strong>Johan och Ahmed heter egentligen n\u00e5got annat.<\/p>\n","protected":false},"excerpt":{"rendered":"share-arrowDela unsaveSpara expand-left helsk\u00e4rmAftonbladet har pratat med tv\u00e5 av de m\u00e4n som anser sig oskyldigt utpekade f\u00f6r \u00f6vergrepp&hellip;\n","protected":false},"author":2,"featured_media":111293,"comment_status":"","ping_status":"","sticky":false,"template":"","format":"standard","meta":{"footnotes":""},"categories":[14],"tags":[22,23,26,27,17,21,24,25,28,29,15,16,18,34,31,33,32,30,19,20,51,52,53,54],"class_list":{"0":"post-111292","1":"post","2":"type-post","3":"status-publish","4":"format-standard","5":"has-post-thumbnail","7":"category-varlden","8":"tag-breaking-news","9":"tag-breakingnews","10":"tag-featured-news","11":"tag-featurednews","12":"tag-headlines","13":"tag-huvudnyheter","14":"tag-latest-news","15":"tag-latestnews","16":"tag-main-news","17":"tag-mainnews","18":"tag-news","19":"tag-nyheter","20":"tag-rubriker","21":"tag-se","22":"tag-svenska","23":"tag-sverige","24":"tag-sweden","25":"tag-swedish","26":"tag-top-stories","27":"tag-topstories","28":"tag-varlden","29":"tag-world","30":"tag-world-news","31":"tag-worldnews"},"share_on_mastodon":{"url":"https:\/\/pubeurope.com\/@se\/115746909255676475","error":""},"_links":{"self":[{"href":"https:\/\/www.europesays.com\/se\/wp-json\/wp\/v2\/posts\/111292","targetHints":{"allow":["GET"]}}],"collection":[{"href":"https:\/\/www.europesays.com\/se\/wp-json\/wp\/v2\/posts"}],"about":[{"href":"https:\/\/www.europesays.com\/se\/wp-json\/wp\/v2\/types\/post"}],"author":[{"embeddable":true,"href":"https:\/\/www.europesays.com\/se\/wp-json\/wp\/v2\/users\/2"}],"replies":[{"embeddable":true,"href":"https:\/\/www.europesays.com\/se\/wp-json\/wp\/v2\/comments?post=111292"}],"version-history":[{"count":0,"href":"https:\/\/www.europesays.com\/se\/wp-json\/wp\/v2\/posts\/111292\/revisions"}],"wp:featuredmedia":[{"embeddable":true,"href":"https:\/\/www.europesays.com\/se\/wp-json\/wp\/v2\/media\/111293"}],"wp:attachment":[{"href":"https:\/\/www.europesays.com\/se\/wp-json\/wp\/v2\/media?parent=111292"}],"wp:term":[{"taxonomy":"category","embeddable":true,"href":"https:\/\/www.europesays.com\/se\/wp-json\/wp\/v2\/categories?post=111292"},{"taxonomy":"post_tag","embeddable":true,"href":"https:\/\/www.europesays.com\/se\/wp-json\/wp\/v2\/tags?post=111292"}],"curies":[{"name":"wp","href":"https:\/\/api.w.org\/{rel}","templated":true}]}}