{"id":111296,"date":"2025-12-19T15:21:48","date_gmt":"2025-12-19T15:21:48","guid":{"rendered":"https:\/\/www.europesays.com\/se\/111296\/"},"modified":"2025-12-19T15:21:48","modified_gmt":"2025-12-19T15:21:48","slug":"ishalka-i-norr-poliser-blev-staende-svd","status":"publish","type":"post","link":"https:\/\/www.europesays.com\/se\/111296\/","title":{"rendered":"Ishalka i norr \u2013 poliser blev st\u00e5ende &#8211; SvD"},"content":{"rendered":"<ol>\n<li><a href=\"https:\/\/news.google.com\/rss\/articles\/CBMia0FVX3lxTE51VDZ0Y3NiWEZqOGtKcXQ2V0xqNkpmWWF1R2xsd1BDOVBtZl9TR09UNWg0VVJWdTJTbWxFM21GWTZGTm1rVW9scUd0eWQxX250S2FVbW9hNE84TW80TXZwRkxpZHFlb1YyVFBz?oc=5\" target=\"_blank\" rel=\"nofollow noopener\">Ishalka i norr \u2013 poliser blev st\u00e5ende<\/a>&nbsp;&nbsp;SvD<\/li>\n<li><a href=\"https:\/\/news.google.com\/rss\/articles\/CBMiigFBVV95cUxNdFhrYlIyVk43U3VldjEzMm96NnhlS0lyWFEzNW4xcnZRdV95UGlldGpvNGJ0Qlh1LURXNWctVVVKcTJhLTUxRmpVazBoS21QMUMtRGpxZTFzeHlwWGxMZzVKV3oydl9WYjFCZE5uVnZxaURUY19XQTNNODFlNjRIb0tfTU1aTEh6QkE?oc=5\" target=\"_blank\" rel=\"nofollow noopener\">Varning f\u00f6r pl\u00f6tslig ishalka<\/a>&nbsp;&nbsp;Aftonbladet<\/li>\n<li><a href=\"https:\/\/news.google.com\/rss\/articles\/CBMilAFBVV95cUxQSEN6WnhRTnJ6UmJTQjlCZXFZMzRVTm5McUFrSkx4ZUc4bDRWbzkzdUhoRllzV3hxanZsYmFQNUxwRVBqdi10aXFJVWlydmRGQ2JKSmhLVkZVbEpuOFQ5OWlHT3RFMGdJQlRETmJJa0psOTJNVU1TZnlQbkFoVF9uYXlFeXFka3RWWlFiN2taUlNyTXUw?oc=5\" target=\"_blank\" rel=\"nofollow noopener\">B\u00e4rgaren Tomas \u201dv\u00e4rsta\u201d jobbnatt \u2013 tror p\u00e5 repris i kv\u00e4ll<\/a>&nbsp;&nbsp;Sveriges Radio<\/li>\n<li><a href=\"https:\/\/news.google.com\/rss\/articles\/CBMipwFBVV95cUxORGFNcjhNQzRyTGloSlNVQVJSR0E0Q2NIUkJNa1lucnJ2OTRTWmV6RG5FemprSkRWM1YtOVFjOXI2UGphRFBjTUdiY2l6WDBUdTdVcjBTMVA5Y3VsOExRU01xM2FULXdKVXpNcXVxSVBpWVlIaGJBNENYc0VNdWRKRklPVVY1cU1kWGV5VHFyWlJmYjkxU2FvcnY2U24xOTJ4dzJ2dldNVQ?oc=5\" target=\"_blank\" rel=\"nofollow noopener\">Lule\u00e5s bussar stod stilla i ishalkan \u2013 flera linjer st\u00e4lldes in<\/a>&nbsp;&nbsp;SVT Nyheter<\/li>\n<li><a href=\"https:\/\/news.google.com\/rss\/articles\/CBMinwFBVV95cUxQajFYbGNFVExJdnVmSlRsYnVncjFDSmxzazZCV3l3WlNtS3RNMzc2TWFKQWlJMjZxNzRFanJKSVZBMmhUNHVXWWFJeDhwbkQ3ZzBXbTdDOHVkVm9jYks2Vkp4MkpRLVdzSnNxNHd1MmRqTlhIVy1nN0VlWDNhZlBwOV92dXVNVFJjZnZhakEyVk9qQTNvb0NwOFotLUdNRHM?oc=5\" target=\"_blank\" rel=\"nofollow noopener\">Hans halkade till: &#8221;Slog mig i ryggen&#8221; \u2022 Dr\u00f6narbilder \u00f6ver E4:an<\/a>&nbsp;&nbsp;NSD<\/li>\n<\/ol>\n","protected":false},"excerpt":{"rendered":"Ishalka i norr \u2013 poliser blev st\u00e5ende&nbsp;&nbsp;SvD Varning f\u00f6r pl\u00f6tslig ishalka&nbsp;&nbsp;Aftonbladet B\u00e4rgaren Tomas \u201dv\u00e4rsta\u201d jobbnatt \u2013 tror p\u00e5&hellip;\n","protected":false},"author":2,"featured_media":111297,"comment_status":"","ping_status":"","sticky":false,"template":"","format":"standard","meta":{"footnotes":""},"categories":[5],"tags":[22,23,26,27,17,21,24,25,28,29,15,16,18,34,31,33,32,30,19,20],"class_list":{"0":"post-111296","1":"post","2":"type-post","3":"status-publish","4":"format-standard","5":"has-post-thumbnail","7":"category-rubriker","8":"tag-breaking-news","9":"tag-breakingnews","10":"tag-featured-news","11":"tag-featurednews","12":"tag-headlines","13":"tag-huvudnyheter","14":"tag-latest-news","15":"tag-latestnews","16":"tag-main-news","17":"tag-mainnews","18":"tag-news","19":"tag-nyheter","20":"tag-rubriker","21":"tag-se","22":"tag-svenska","23":"tag-sverige","24":"tag-sweden","25":"tag-swedish","26":"tag-top-stories","27":"tag-topstories"},"share_on_mastodon":{"url":"https:\/\/pubeurope.com\/@se\/115746920461914568","error":""},"_links":{"self":[{"href":"https:\/\/www.europesays.com\/se\/wp-json\/wp\/v2\/posts\/111296","targetHints":{"allow":["GET"]}}],"collection":[{"href":"https:\/\/www.europesays.com\/se\/wp-json\/wp\/v2\/posts"}],"about":[{"href":"https:\/\/www.europesays.com\/se\/wp-json\/wp\/v2\/types\/post"}],"author":[{"embeddable":true,"href":"https:\/\/www.europesays.com\/se\/wp-json\/wp\/v2\/users\/2"}],"replies":[{"embeddable":true,"href":"https:\/\/www.europesays.com\/se\/wp-json\/wp\/v2\/comments?post=111296"}],"version-history":[{"count":0,"href":"https:\/\/www.europesays.com\/se\/wp-json\/wp\/v2\/posts\/111296\/revisions"}],"wp:featuredmedia":[{"embeddable":true,"href":"https:\/\/www.europesays.com\/se\/wp-json\/wp\/v2\/media\/111297"}],"wp:attachment":[{"href":"https:\/\/www.europesays.com\/se\/wp-json\/wp\/v2\/media?parent=111296"}],"wp:term":[{"taxonomy":"category","embeddable":true,"href":"https:\/\/www.europesays.com\/se\/wp-json\/wp\/v2\/categories?post=111296"},{"taxonomy":"post_tag","embeddable":true,"href":"https:\/\/www.europesays.com\/se\/wp-json\/wp\/v2\/tags?post=111296"}],"curies":[{"name":"wp","href":"https:\/\/api.w.org\/{rel}","templated":true}]}}