{"id":111304,"date":"2025-12-19T15:32:23","date_gmt":"2025-12-19T15:32:23","guid":{"rendered":"https:\/\/www.europesays.com\/se\/111304\/"},"modified":"2025-12-19T15:32:23","modified_gmt":"2025-12-19T15:32:23","slug":"mortelmannen-doms-for-utpressning-av-kandisar-till-5-ar-och-10-manaders-fangelse","status":"publish","type":"post","link":"https:\/\/www.europesays.com\/se\/111304\/","title":{"rendered":"\u201dMortelmannen\u201d d\u00f6ms f\u00f6r utpressning av k\u00e4ndisar till 5 \u00e5r och 10 m\u00e5naders f\u00e4ngelse"},"content":{"rendered":"<p><a data-test-tag=\"internal-link\" href=\"https:\/\/www.aftonbladet.se\/av\/emanuel-silva\" class=\"hyperion-css-13ns1rr\" rel=\"nofollow noopener\" target=\"\" aria-label=\"Se alla artiklar av Emanuel Silva\"><img decoding=\"async\" class=\"image-asset hyperion-css-n6kkq1\" data-test-tag=\"image-asset\" src=\"https:\/\/www.europesays.com\/se\/wp-content\/uploads\/2025\/12\/f4f5f026-41bd-4f24-8805-e9ad3dc85d4c\"  alt=\"\"  loading=\"lazy\" fetchpriority=\"auto\" style=\"aspect-ratio:1900 \/ 1900\"\/><\/a><\/p>\n<p class=\"boxtextgrotesk-root_baa6 hyperion-css-7pajle\">Uppdaterad 16.28 | Publicerad 14.05<\/p>\n<p>share-arrowDela<\/p>\n<p>unsaveSpara<\/p>\n<p>expand-left<\/p>\n<p>helsk\u00e4rm<img decoding=\"async\" class=\"image-asset hyperion-css-57yrc1\" data-test-tag=\"image-asset\" src=\"https:\/\/www.europesays.com\/se\/wp-content\/uploads\/2025\/12\/206a2070-5fc0-4aed-aa3f-5309d92d4cd3\"  alt=\"Nacka tingsr\u00e4tt.\"  loading=\"eager\" fetchpriority=\"high\" style=\"aspect-ratio:1900 \/ 1220\"\/>Nacka tingsr\u00e4tt. Foto: Claudio Bresciani\/TT<\/p>\n<p class=\"hyperion-css-1shl3oz\" data-test-tag=\"lead-text\">Den s\u00e5 kallade \u201dMortelmannen\u201d har d\u00f6mts till f\u00e4ngelse, rapporterar Expressen.<\/p>\n<p class=\"hyperion-css-1shl3oz\" data-test-tag=\"lead-text\">Mannen har hotat ett stort antal k\u00e4ndisar och kr\u00e4vt dem p\u00e5 stora summor pengar.<\/p>\n<p class=\"hyperion-css-1v9qo5x\">Nu d\u00f6ms mannen till f\u00e4ngelse i fem \u00e5r och tio m\u00e5nader f\u00f6r bland annat tolv f\u00f6rs\u00f6k till grov utpressning samt tre grovt olaga hot, skriver Expressen.<\/p>\n<p class=\"hyperion-css-1v9qo5x\">Hoten drabbade flera svenska profiler i b\u00f6rjan av \u00e5ret, skriver tidningen.<\/p>\n<p class=\"hyperion-css-1v9qo5x\">Mannen f\u00f6rs\u00f6kte genom hot f\u00e5 flera personer att skicka \u00f6ver stora summor i kryptovalutan Bitcoin. Den totala summa som mannen har f\u00f6rs\u00f6kt komma \u00f6ver \u00e4r 120 miljoner kronor.<\/p>\n<p class=\"hyperion-css-1v9qo5x\">En influencer ska enligt uppgifter ha utpressats p\u00e5 \u00f6ver 10 miljoner kronor, \u00e4ven det i kryptovalutan.<\/p>\n<p>expand-left<\/p>\n<p>helsk\u00e4rm<img decoding=\"async\" class=\"image-asset hyperion-css-hma670\" data-test-tag=\"image-asset\" src=\"https:\/\/www.europesays.com\/se\/wp-content\/uploads\/2025\/12\/6abbe565-59fa-4ad4-9a29-3d431d62f17e\"  alt=\"K\u00e4ndisar kr\u00e4vdes p\u00e5 bitcoins.\"  loading=\"eager\" fetchpriority=\"high\" style=\"aspect-ratio:1900 \/ 1267\"\/>K\u00e4ndisar kr\u00e4vdes p\u00e5 bitcoins. Foto: Kin Cheung\/APCharlotte Perrelli en av de drabbade<\/p>\n<p class=\"hyperion-css-1v9qo5x\">En av de som blivit drabbade av hoten \u00e4r <a data-test-tag=\"internal-link\" href=\"https:\/\/www.aftonbladet.se\/tagg\/charlotte-perrelli\" class=\"hyperion-css-15jkft9\" rel=\"nofollow noopener\" target=\"\" theme=\"entertainment\"><strong>Charlotte Perrelli<\/strong><\/a><strong>.<\/strong><\/p>\n<p class=\"hyperion-css-1v9qo5x\">F\u00f6r<a aria-label=\" Expressen \" class=\"entertainment hyperion-css-15jkft9\" href=\"https:\/\/www.expressen.se\/noje\/charlotte-perrelli-utsatt-for-hot-jag-brot-ihop-helt\/\" rel=\"noopener nofollow noreferrer\" data-test-tag=\"external-link\" target=\"_blank\"> Expressen <\/a>har hon tidigare ber\u00e4ttat att hennes familj kr\u00e4vdes p\u00e5 en miljon euro i Bitcoin som skulle betalas inom fem dagar.<\/p>\n<p class=\"hyperion-css-1v9qo5x\">\u2013 Det var ju avklippta fingrar i videoklipp medskickade och bomber som skickades in i hus, <a data-test-tag=\"internal-link\" href=\"https:\/\/www.aftonbladet.se\/tagg\/charlotte-perrelli\" class=\"hyperion-css-15jkft9\" rel=\"nofollow noopener\" target=\"\" aria-label=\"har Charlotte Perrelli tidigare sagt.\" theme=\"entertainment\">har Charlotte Perrelli tidigare sagt.<\/a><\/p>\n<p>expand-left<\/p>\n<p>helsk\u00e4rm<img decoding=\"async\" class=\"image-asset hyperion-css-u0uong\" data-test-tag=\"image-asset\" src=\"https:\/\/www.europesays.com\/se\/wp-content\/uploads\/2025\/12\/40631304-f4ac-4e53-9057-c50da977d13f\"  alt=\"Bild ur ett hotmejl.\"  loading=\"eager\" fetchpriority=\"high\" style=\"aspect-ratio:973 \/ 531\"\/>Bild ur ett hotmejl. Foto: Polisen F\u00f6rgiftade exflickv\u00e4nnen<\/p>\n<p class=\"hyperion-css-1v9qo5x\">Den \u00e5talade mannen har enligt Aftonbladets uppgifter ett kriminellt f\u00f6rflutet \u2013 fr\u00e5n vilket han \u00e4ven f\u00e5tt namnet \u201dMortelmannen\u201d i medier.<\/p>\n<p class=\"hyperion-css-1v9qo5x\">I mitten av 2000-talet d\u00f6mdes han till ett \u00e5rs f\u00e4ngelse efter att ha mortlat ned tabletter i sin ex-flickv\u00e4ns matl\u00e5dor. <\/p>\n<p class=\"hyperion-css-1v9qo5x\">N\u00e5gra \u00e5r tidigare d\u00f6mdes han till f\u00e4ngelse i tv\u00e5 och ett halvt \u00e5r f\u00f6r att ha sl\u00e4ngt saltsyra i ansiktet p\u00e5 en annan ex-flickv\u00e4n.<\/p>\n<p>expand-left<\/p>\n<p>helsk\u00e4rm<img decoding=\"async\" class=\"image-asset hyperion-css-yqkre\" data-test-tag=\"image-asset\" src=\"https:\/\/www.europesays.com\/se\/wp-content\/uploads\/2025\/12\/8292eca2-4524-4ce2-988f-e03493466327\"  alt=\"Bild ur ett hotmejl.\"  loading=\"eager\" fetchpriority=\"high\" style=\"aspect-ratio:774 \/ 766\"\/>Bild ur ett hotmejl. Foto: Polisen<\/p>\n","protected":false},"excerpt":{"rendered":"Uppdaterad 16.28 | Publicerad 14.05 share-arrowDela unsaveSpara expand-left helsk\u00e4rmNacka tingsr\u00e4tt. Foto: Claudio Bresciani\/TT Den s\u00e5 kallade \u201dMortelmannen\u201d har&hellip;\n","protected":false},"author":2,"featured_media":111305,"comment_status":"","ping_status":"","sticky":false,"template":"","format":"standard","meta":{"footnotes":""},"categories":[12],"tags":[22,23,26,27,17,21,24,25,28,29,15,16,18,34,31,33,32,30,19,20],"class_list":{"0":"post-111304","1":"post","2":"type-post","3":"status-publish","4":"format-standard","5":"has-post-thumbnail","7":"category-sverige","8":"tag-breaking-news","9":"tag-breakingnews","10":"tag-featured-news","11":"tag-featurednews","12":"tag-headlines","13":"tag-huvudnyheter","14":"tag-latest-news","15":"tag-latestnews","16":"tag-main-news","17":"tag-mainnews","18":"tag-news","19":"tag-nyheter","20":"tag-rubriker","21":"tag-se","22":"tag-svenska","23":"tag-sverige","24":"tag-sweden","25":"tag-swedish","26":"tag-top-stories","27":"tag-topstories"},"share_on_mastodon":{"url":"https:\/\/pubeurope.com\/@se\/115746960002358081","error":""},"_links":{"self":[{"href":"https:\/\/www.europesays.com\/se\/wp-json\/wp\/v2\/posts\/111304","targetHints":{"allow":["GET"]}}],"collection":[{"href":"https:\/\/www.europesays.com\/se\/wp-json\/wp\/v2\/posts"}],"about":[{"href":"https:\/\/www.europesays.com\/se\/wp-json\/wp\/v2\/types\/post"}],"author":[{"embeddable":true,"href":"https:\/\/www.europesays.com\/se\/wp-json\/wp\/v2\/users\/2"}],"replies":[{"embeddable":true,"href":"https:\/\/www.europesays.com\/se\/wp-json\/wp\/v2\/comments?post=111304"}],"version-history":[{"count":0,"href":"https:\/\/www.europesays.com\/se\/wp-json\/wp\/v2\/posts\/111304\/revisions"}],"wp:featuredmedia":[{"embeddable":true,"href":"https:\/\/www.europesays.com\/se\/wp-json\/wp\/v2\/media\/111305"}],"wp:attachment":[{"href":"https:\/\/www.europesays.com\/se\/wp-json\/wp\/v2\/media?parent=111304"}],"wp:term":[{"taxonomy":"category","embeddable":true,"href":"https:\/\/www.europesays.com\/se\/wp-json\/wp\/v2\/categories?post=111304"},{"taxonomy":"post_tag","embeddable":true,"href":"https:\/\/www.europesays.com\/se\/wp-json\/wp\/v2\/tags?post=111304"}],"curies":[{"name":"wp","href":"https:\/\/api.w.org\/{rel}","templated":true}]}}