{"id":111312,"date":"2025-12-19T15:40:29","date_gmt":"2025-12-19T15:40:29","guid":{"rendered":"https:\/\/www.europesays.com\/se\/111312\/"},"modified":"2025-12-19T15:40:29","modified_gmt":"2025-12-19T15:40:29","slug":"kan-behova-prata-med-putin","status":"publish","type":"post","link":"https:\/\/www.europesays.com\/se\/111312\/","title":{"rendered":"Kan beh\u00f6va prata med Putin"},"content":{"rendered":"<p>share-arrowDela<\/p>\n<p>unsaveSpara<\/p>\n<p>expand-left<\/p>\n<p>helsk\u00e4rm<img decoding=\"async\" class=\"image-asset hyperion-css-u06ts1\" data-test-tag=\"image-asset\" src=\"https:\/\/www.europesays.com\/se\/wp-content\/uploads\/2025\/12\/b304320f-897d-4140-87ad-e11d3100640b\"  alt=\"Frankrikes president Emmanuel Macron p\u00e5 plats vid toppm\u00f6tet i Bryssel.\"  loading=\"eager\" fetchpriority=\"high\" style=\"aspect-ratio:1900 \/ 1267\"\/>Frankrikes president Emmanuel Macron p\u00e5 plats vid toppm\u00f6tet i Bryssel. Foto: Omar Havana\/AP\/TT<\/p>\n<p class=\"hyperion-css-1shl3oz\" data-test-tag=\"lead-text\">Europa kan komma att beh\u00f6va \u00e5teruppta ta kontakterna med Ryssland om de p\u00e5g\u00e5ende f\u00f6rhandlingarna f\u00f6r att f\u00f6rs\u00f6ka n\u00e5 en fred i det ryska kriget mot Ukraina misslyckas.<\/p>\n<p class=\"hyperion-css-1shl3oz\" data-test-tag=\"lead-text\">Det \u00e4r budskapet fr\u00e5n Frankrikes president Emmanuel Macron.<\/p>\n<p class=\"hyperion-css-1v9qo5x\">\u2013 Antingen n\u00e5s en robust och varaktig fred med de obligatoriska s\u00e4kerhetsgarantierna eller s\u00e5 kommer vi under de kommande veckorna att beh\u00f6va hitta s\u00e4tt f\u00f6r Europa att \u00e5teruppta en dialog med Ryssland, med fullkomlig transparens och i samspr\u00e5k med Ukraina, sade Macron till reportrar i Bryssel p\u00e5 fredagen.<\/p>\n<p class=\"hyperion-css-1v9qo5x\">Kommentaren kom sedan EU:s ledare enats om att l\u00e5na ut 90 miljarder euro till Ukraina, ett steg tillbaka j\u00e4mf\u00f6rt med f\u00f6rslaget om att anv\u00e4nda frysta ryska tillg\u00e5ngar f\u00f6r att finansiera l\u00e5net.<\/p>\n<p class=\"hyperion-css-1v9qo5x\">\u2013 Vi, europ\u00e9er och ukrainare, har ett intresse vad g\u00e4ller att hitta det r\u00e4tta ramverket f\u00f6r att \u00e5teruppta diskussionerna p\u00e5 r\u00e4tt s\u00e4tt. Annars kommer vi att diskutera sinsemellan med f\u00f6rhandlare som d\u00e4refter diskuterar med ryssarna enskilt. Det \u00e4r inte optimalt, sade Macron.<\/p>\n","protected":false},"excerpt":{"rendered":"share-arrowDela unsaveSpara expand-left helsk\u00e4rmFrankrikes president Emmanuel Macron p\u00e5 plats vid toppm\u00f6tet i Bryssel. Foto: Omar Havana\/AP\/TT Europa kan&hellip;\n","protected":false},"author":2,"featured_media":111313,"comment_status":"","ping_status":"","sticky":false,"template":"","format":"standard","meta":{"footnotes":""},"categories":[14],"tags":[22,23,26,27,17,21,24,25,28,29,15,16,18,34,31,33,32,30,19,20,51,52,53,54],"class_list":{"0":"post-111312","1":"post","2":"type-post","3":"status-publish","4":"format-standard","5":"has-post-thumbnail","7":"category-varlden","8":"tag-breaking-news","9":"tag-breakingnews","10":"tag-featured-news","11":"tag-featurednews","12":"tag-headlines","13":"tag-huvudnyheter","14":"tag-latest-news","15":"tag-latestnews","16":"tag-main-news","17":"tag-mainnews","18":"tag-news","19":"tag-nyheter","20":"tag-rubriker","21":"tag-se","22":"tag-svenska","23":"tag-sverige","24":"tag-sweden","25":"tag-swedish","26":"tag-top-stories","27":"tag-topstories","28":"tag-varlden","29":"tag-world","30":"tag-world-news","31":"tag-worldnews"},"share_on_mastodon":{"url":"https:\/\/pubeurope.com\/@se\/115746991320475525","error":""},"_links":{"self":[{"href":"https:\/\/www.europesays.com\/se\/wp-json\/wp\/v2\/posts\/111312","targetHints":{"allow":["GET"]}}],"collection":[{"href":"https:\/\/www.europesays.com\/se\/wp-json\/wp\/v2\/posts"}],"about":[{"href":"https:\/\/www.europesays.com\/se\/wp-json\/wp\/v2\/types\/post"}],"author":[{"embeddable":true,"href":"https:\/\/www.europesays.com\/se\/wp-json\/wp\/v2\/users\/2"}],"replies":[{"embeddable":true,"href":"https:\/\/www.europesays.com\/se\/wp-json\/wp\/v2\/comments?post=111312"}],"version-history":[{"count":0,"href":"https:\/\/www.europesays.com\/se\/wp-json\/wp\/v2\/posts\/111312\/revisions"}],"wp:featuredmedia":[{"embeddable":true,"href":"https:\/\/www.europesays.com\/se\/wp-json\/wp\/v2\/media\/111313"}],"wp:attachment":[{"href":"https:\/\/www.europesays.com\/se\/wp-json\/wp\/v2\/media?parent=111312"}],"wp:term":[{"taxonomy":"category","embeddable":true,"href":"https:\/\/www.europesays.com\/se\/wp-json\/wp\/v2\/categories?post=111312"},{"taxonomy":"post_tag","embeddable":true,"href":"https:\/\/www.europesays.com\/se\/wp-json\/wp\/v2\/tags?post=111312"}],"curies":[{"name":"wp","href":"https:\/\/api.w.org\/{rel}","templated":true}]}}