{"id":111314,"date":"2025-12-19T15:41:09","date_gmt":"2025-12-19T15:41:09","guid":{"rendered":"https:\/\/www.europesays.com\/se\/111314\/"},"modified":"2025-12-19T15:41:09","modified_gmt":"2025-12-19T15:41:09","slug":"pomona-invigt-som-nyrenoverat-aldreboende","status":"publish","type":"post","link":"https:\/\/www.europesays.com\/se\/111314\/","title":{"rendered":"Pomona invigt som nyrenoverat \u00e4ldreboende"},"content":{"rendered":"<p class=\"ahaboxbrodtext\">Detta fantastiska hus har alla f\u00f6ruts\u00e4ttningar f\u00f6r v\u00e5ra \u00e5ldersrika \u2013 nu och i framtiden. L\u00e4get och n\u00e4rheten till allt ger goda m\u00f6jligheter f\u00f6r de boende, och g\u00f6r Pomona till en attraktiv arbetsplats f\u00f6r medarbetare, s\u00e4ger Agneta H\u00e4gglund (S), kommunalr\u00e5d.<\/p>\n<p class=\"ahaboxbrodtext\">Pomona uppfyller nu v\u00e5rdhygienkrav f\u00f6r en verksamhet f\u00f6r \u00e4ldre &#8211; golven \u00e4r mer h\u00e5llbara, alla pentryn i l\u00e4genheterna \u00e4r nya, personalrum och allm\u00e4nna ytor har f\u00e5tt en uppfr\u00e4schning. L\u00e4genheter har kompletterats med nya duschblandare, taklyftar och l\u00e4kemedelssk\u00e5p och i huset finns ocks\u00e5 reservkraft.<\/p>\n<p class=\"ahaboxbrodtext\">Huset Pomona, som \u00e4gs och nu ocks\u00e5 renoverats av H\u00e5bohus, har genom \u00e5ren haft m\u00e5nga olika funktioner. I H\u00e5bo kommuns regi har det varit servicehus, serviceboende, gruppboende och sjukhemsboende, och nu ett modernt nyrenoverat \u00e4ldreboende. Det invigdes f\u00f6r f\u00f6rsta g\u00e5ngen i oktober 1993, och nu har det invigts i sin nya skepnad anpassat f\u00f6r de v\u00e5rdhygienkrav som st\u00e4lls f\u00f6r \u00e4ldreboenden idag.<\/p>\n<p class=\"ahaboxbrodtext\">F\u00f6r att anpassa lokalerna p\u00e5 b\u00e4sta m\u00f6jliga s\u00e4tt f\u00f6r de \u00e4ldre har Pomonas samordnare Jennie Anderberg tr\u00e4ffat b\u00e5de demensv\u00e5rdskonsulenten och syn- och h\u00f6rselkonsulenten, som g\u00e5tt runt i lokalen och bidragit med bland annat f\u00e4rgval. Milj\u00f6medvetenheten har varit stor b\u00e5de vad g\u00e4ller ink\u00f6p av maskiner och i fr\u00e5ga om att minska ner p\u00e5 plastsaker. \u00c4ven hemtj\u00e4nsten och sjuksk\u00f6terskorna har f\u00e5tt rum och lokaler anpassade efter sin verksamhet i huset med s\u00e5v\u00e4l l\u00e4kemedelsrum som desinfektionsrum.<\/p>\n<p class=\"ahaboxbrodtext\">H\u00e5bohus, \u00e4gare av byggnaden, tillsammans med byggf\u00f6retag och projektledare har sk\u00f6tt hela renoveringsprojektet, men med kontinuerlig kontakt med Jennie Anderberg. De har verkligen lyssnat och f\u00f6rs\u00f6kt hj\u00e4lpa oss att komma fram till l\u00f6sningar, som \u00e4r b\u00e4st f\u00f6r v\u00e5ra boenden och g\u00e4ster, s\u00e4ger Jennie och gl\u00e4ds ocks\u00e5 \u00e5t att man kunnat bevara vissa saker.<\/p>\n<p class=\"ahaboxbrodtext\">Ett stort \u00e4ppeltr\u00e4d har st\u00e5tt i husets entr\u00e9, som symbol f\u00f6r namnet Pomona, som ocks\u00e5 \u00e4r en \u00e4ppelsort. \u00c4ppeltr\u00e4det togs ner och har varit inplastat under hela upprustningen, men \u00e4r nu tillbaka p\u00e5 sin plats d\u00e4r det h\u00f6r hemma och har sina \u201dr\u00f6tter\u201d. \u00c4ven glas\u00e4pplet och tavlorna i ull, som funnits med genom husets alla olika anv\u00e4ndningsomr\u00e5den har kommit tillbaka p\u00e5 sina platser i entr\u00e9n. Nu \u00e5terst\u00e5r bara att fylla Pomona med fler boende, liv och r\u00f6relse.<\/p>\n<p class=\"ahaboxbrodtext\">Avslutningsvis visar Jennie Anderberg stor uppskattning f\u00f6r alla som arbetar p\u00e5 Pomona, Det har varit ett stort projekt som kr\u00e4vt stor flexibilitet av alla medarbetare, s\u00e5 jag vill verkligen lyfta dem alla.<\/p>\n","protected":false},"excerpt":{"rendered":"Detta fantastiska hus har alla f\u00f6ruts\u00e4ttningar f\u00f6r v\u00e5ra \u00e5ldersrika \u2013 nu och i framtiden. L\u00e4get och n\u00e4rheten till&hellip;\n","protected":false},"author":2,"featured_media":111315,"comment_status":"","ping_status":"","sticky":false,"template":"","format":"standard","meta":{"footnotes":""},"categories":[12],"tags":[22,23,26,27,17,21,24,25,28,29,15,16,18,34,31,33,32,30,19,20],"class_list":{"0":"post-111314","1":"post","2":"type-post","3":"status-publish","4":"format-standard","5":"has-post-thumbnail","7":"category-sverige","8":"tag-breaking-news","9":"tag-breakingnews","10":"tag-featured-news","11":"tag-featurednews","12":"tag-headlines","13":"tag-huvudnyheter","14":"tag-latest-news","15":"tag-latestnews","16":"tag-main-news","17":"tag-mainnews","18":"tag-news","19":"tag-nyheter","20":"tag-rubriker","21":"tag-se","22":"tag-svenska","23":"tag-sverige","24":"tag-sweden","25":"tag-swedish","26":"tag-top-stories","27":"tag-topstories"},"share_on_mastodon":{"url":"https:\/\/pubeurope.com\/@se\/115746995247554085","error":""},"_links":{"self":[{"href":"https:\/\/www.europesays.com\/se\/wp-json\/wp\/v2\/posts\/111314","targetHints":{"allow":["GET"]}}],"collection":[{"href":"https:\/\/www.europesays.com\/se\/wp-json\/wp\/v2\/posts"}],"about":[{"href":"https:\/\/www.europesays.com\/se\/wp-json\/wp\/v2\/types\/post"}],"author":[{"embeddable":true,"href":"https:\/\/www.europesays.com\/se\/wp-json\/wp\/v2\/users\/2"}],"replies":[{"embeddable":true,"href":"https:\/\/www.europesays.com\/se\/wp-json\/wp\/v2\/comments?post=111314"}],"version-history":[{"count":0,"href":"https:\/\/www.europesays.com\/se\/wp-json\/wp\/v2\/posts\/111314\/revisions"}],"wp:featuredmedia":[{"embeddable":true,"href":"https:\/\/www.europesays.com\/se\/wp-json\/wp\/v2\/media\/111315"}],"wp:attachment":[{"href":"https:\/\/www.europesays.com\/se\/wp-json\/wp\/v2\/media?parent=111314"}],"wp:term":[{"taxonomy":"category","embeddable":true,"href":"https:\/\/www.europesays.com\/se\/wp-json\/wp\/v2\/categories?post=111314"},{"taxonomy":"post_tag","embeddable":true,"href":"https:\/\/www.europesays.com\/se\/wp-json\/wp\/v2\/tags?post=111314"}],"curies":[{"name":"wp","href":"https:\/\/api.w.org\/{rel}","templated":true}]}}