{"id":111322,"date":"2025-12-19T15:49:09","date_gmt":"2025-12-19T15:49:09","guid":{"rendered":"https:\/\/www.europesays.com\/se\/111322\/"},"modified":"2025-12-19T15:49:09","modified_gmt":"2025-12-19T15:49:09","slug":"nyhet-region-jonkopings-lan-7","status":"publish","type":"post","link":"https:\/\/www.europesays.com\/se\/111322\/","title":{"rendered":"Nyhet, Region J\u00f6nk\u00f6pings l\u00e4n"},"content":{"rendered":"<p class=\"main-intro\">Reservrutiner \u00e4r aktiverade med anledning av att det under tv\u00e5 dygn har varit driftst\u00f6rning g\u00e4llande prover inom klinisk kemi och klinisk mikrobiologi och d\u00e4rf\u00f6r har Region J\u00f6nk\u00f6pings l\u00e4n beslutat om stabsl\u00e4ge.<\/p>\n<p>P\u00e5 grund av fortsatt driftst\u00f6rning g\u00e4llande prover inom klinisk kemi och klinisk mikrobiologi har Region J\u00f6nk\u00f6pings l\u00e4n nu beslutat om stabsl\u00e4ge. \u00c5tg\u00e4rden \u00e4r n\u00f6dv\u00e4ndig f\u00f6r att s\u00e4kerst\u00e4lla patients\u00e4kerheten och f\u00f6r att klara manuell hantering av akuta provsvar.<\/p>\n<p>Driftst\u00f6rningen p\u00e5 laboratoriemedicin \u00e4r nu bed\u00f6md som en s\u00e4rskild h\u00e4ndelse. Region J\u00f6nk\u00f6pings l\u00e4n regionalt och l\u00e4nets tre akutsjukhus \u00e4r i stabsl\u00e4ge f\u00f6r att underl\u00e4tta insamling av l\u00e4gesbild och en modifierad stab \u00e4r utsedd och kontaktad.<\/p>\n<p>I samband med detta har ocks\u00e5 Laboratoriemedicin meddelat sjukv\u00e5rden att upph\u00f6ra med icke-akut provtagning.<\/p>\n<p>Prover som \u00e4r tagna sedan klockan 12.00 onsdagen 17 december \u00e4r f\u00f6rdr\u00f6jda. Laboratoriemedicin svarar endast ut akuta provsvar, detta inneb\u00e4r manuell svarsutl\u00e4mning via telefon, fax alternativt \u00f6verl\u00e4mning av svar via svarsremiss.<\/p>\n<p>Det finns i nul\u00e4get inte n\u00e5gon prognos f\u00f6r n\u00e4r problemet \u00e4r \u00e5tg\u00e4rdat.<\/p>\n","protected":false},"excerpt":{"rendered":"Reservrutiner \u00e4r aktiverade med anledning av att det under tv\u00e5 dygn har varit driftst\u00f6rning g\u00e4llande prover inom klinisk&hellip;\n","protected":false},"author":2,"featured_media":111323,"comment_status":"","ping_status":"","sticky":false,"template":"","format":"standard","meta":{"footnotes":""},"categories":[12],"tags":[22,23,26,27,17,21,24,25,28,29,15,16,18,34,31,33,32,30,19,20],"class_list":{"0":"post-111322","1":"post","2":"type-post","3":"status-publish","4":"format-standard","5":"has-post-thumbnail","7":"category-sverige","8":"tag-breaking-news","9":"tag-breakingnews","10":"tag-featured-news","11":"tag-featurednews","12":"tag-headlines","13":"tag-huvudnyheter","14":"tag-latest-news","15":"tag-latestnews","16":"tag-main-news","17":"tag-mainnews","18":"tag-news","19":"tag-nyheter","20":"tag-rubriker","21":"tag-se","22":"tag-svenska","23":"tag-sverige","24":"tag-sweden","25":"tag-swedish","26":"tag-top-stories","27":"tag-topstories"},"share_on_mastodon":{"url":"https:\/\/pubeurope.com\/@se\/115747026669178564","error":""},"_links":{"self":[{"href":"https:\/\/www.europesays.com\/se\/wp-json\/wp\/v2\/posts\/111322","targetHints":{"allow":["GET"]}}],"collection":[{"href":"https:\/\/www.europesays.com\/se\/wp-json\/wp\/v2\/posts"}],"about":[{"href":"https:\/\/www.europesays.com\/se\/wp-json\/wp\/v2\/types\/post"}],"author":[{"embeddable":true,"href":"https:\/\/www.europesays.com\/se\/wp-json\/wp\/v2\/users\/2"}],"replies":[{"embeddable":true,"href":"https:\/\/www.europesays.com\/se\/wp-json\/wp\/v2\/comments?post=111322"}],"version-history":[{"count":0,"href":"https:\/\/www.europesays.com\/se\/wp-json\/wp\/v2\/posts\/111322\/revisions"}],"wp:featuredmedia":[{"embeddable":true,"href":"https:\/\/www.europesays.com\/se\/wp-json\/wp\/v2\/media\/111323"}],"wp:attachment":[{"href":"https:\/\/www.europesays.com\/se\/wp-json\/wp\/v2\/media?parent=111322"}],"wp:term":[{"taxonomy":"category","embeddable":true,"href":"https:\/\/www.europesays.com\/se\/wp-json\/wp\/v2\/categories?post=111322"},{"taxonomy":"post_tag","embeddable":true,"href":"https:\/\/www.europesays.com\/se\/wp-json\/wp\/v2\/tags?post=111322"}],"curies":[{"name":"wp","href":"https:\/\/api.w.org\/{rel}","templated":true}]}}