{"id":111324,"date":"2025-12-19T15:50:21","date_gmt":"2025-12-19T15:50:21","guid":{"rendered":"https:\/\/www.europesays.com\/se\/111324\/"},"modified":"2025-12-19T15:50:21","modified_gmt":"2025-12-19T15:50:21","slug":"do-avstyrker-forslag-om-utfasning-av-permanenta-uppehallstillstand","status":"publish","type":"post","link":"https:\/\/www.europesays.com\/se\/111324\/","title":{"rendered":"DO avstyrker f\u00f6rslag om utfasning av permanenta uppeh\u00e5llstillst\u00e5nd"},"content":{"rendered":"<p class=\"font-normal\">I Miniminiv\u00e5utredningens slutbet\u00e4nkande <a href=\"https:\/\/www.regeringen.se\/rattsliga-dokument\/statens-offentliga-utredningar\/2025\/09\/sou-202599\/\" rel=\"nofollow noopener\" target=\"_blank\">\u00c4ndring av permanent uppeh\u00e5llstillst\u00e5nd f\u00f6r vissa utl\u00e4nningar (SOU 2025:99)<\/a> f\u00f6resl\u00e5s att det inf\u00f6rs en s\u00e4rskild lag om \u00e5terkallelse av permanent uppeh\u00e5llstillst\u00e5nd. Lagen f\u00f6resl\u00e5s omfatta samtliga utl\u00e4nningar som har permanent uppeh\u00e5llstillst\u00e5nd och uppges syfta till att f\u00f6rm\u00e5 ber\u00f6rda individer att i h\u00f6gre utstr\u00e4ckning vilja bli svenska medborgare.<\/p>\n<p class=\"font-normal\">DO skriver i sitt <a href=\"https:\/\/www.do.se\/om-do\/vad-arbetar-do-med\/remissvar\/2025\/2025-12-16-andring-av-permanent-uppehallstillstand-for-vissa-utlanningar\" rel=\"nofollow noopener\" target=\"_blank\">remissvar till bet\u00e4nkandet<\/a> att f\u00f6rslaget riskerar att diskriminera bland annat kvinnor, barn och unga, \u00e4ldre, personer med funktionsneds\u00e4ttning och personer med vissa etniska tillh\u00f6righeter. F\u00f6rslaget inneb\u00e4r \u00e4ven ett tydligt avsteg fr\u00e5n en viktig f\u00f6rvaltningsr\u00e4ttslig princip om att inte \u00e4ndra beslut som \u00e4r gynnande f\u00f6r en enskild till dennes nackdel. Enligt DO utg\u00f6r den retroaktiva \u00e4ndringen av permanenta uppeh\u00e5llstillst\u00e5nd till tidsbegr\u00e4nsade uppeh\u00e5llstillst\u00e5nd en oproportionerlig inskr\u00e4nkning av r\u00e4tten till skydd f\u00f6r den enskildes privat- och familjeliv enligt artikel 8 i Europakonventionen. D\u00e4rtill riskerar f\u00f6rfarandet i stor utstr\u00e4ckning att strida mot principen om barnets b\u00e4sta.<\/p>\n<p class=\"font-normal\">\u2013 Jag ser det ocks\u00e5 som mycket problematiskt att som utredningen g\u00f6r, likst\u00e4lla \u201dasylinvandring\u201d med s\u00e5 kallade \u201dintegrationsproblem\u201d som arbetsl\u00f6shet, bidragsberoende, kriminalitet, hedersrelaterat v\u00e5ld och f\u00f6rtryck samt framv\u00e4xten av parallella samh\u00e4llen s\u00e4ger diskrimineringsombudsman Lars Arrhenius i en kommentar.<\/p>\n<p class=\"font-normal\">Att likst\u00e4lla invandring med olika samh\u00e4llsproblem \u00e4r ocks\u00e5 n\u00e5got Sverige kritiserats f\u00f6r av ECRI &#8211; Europar\u00e5dets kommission mot rasism och intolerans i deras senaste granskning av situationen i Sverige n\u00e4r det g\u00e4ller rasism och intolerans.<\/p>\n<p class=\"font-normal\">\u2013 Det \u00e4r ytterst angel\u00e4get att samtliga offentliga f\u00f6retr\u00e4dare, inklusive statliga utredningar, sl\u00e5r vakt om de m\u00e4nskliga r\u00e4ttigheterna och tar avst\u00e5nd fr\u00e5n uttalanden som kan leda till \u00f6kad f\u00f6rekomst av diskriminering och att tilliten mellan m\u00e4nniskor och till samh\u00e4llets institutioner minskar, s\u00e4ger Lars Arrhenius.<\/p>\n<p class=\"font-normal\">I sitt <a href=\"https:\/\/www.do.se\/om-do\/vad-arbetar-do-med\/remissvar\/2025\/2025-12-18-skarpta-villkor-for-anhoriginvandring\" rel=\"nofollow noopener\" target=\"_blank\">remissvar<\/a> \u00f6ver utredningen <a href=\"https:\/\/www.regeringen.se\/rattsliga-dokument\/statens-offentliga-utredningar\/2025\/09\/sou-202595\/\" rel=\"nofollow noopener\" target=\"_blank\">Sk\u00e4rpta villkor f\u00f6r anh\u00f6riginvandring (SOU 2025:95)<\/a> avstyrker DO utifr\u00e5n ett barn- och likabehandlingsperspektiv f\u00f6rslagen om sk\u00e4rpta krav f\u00f6r att vara anknytningsperson, inf\u00f6randet av krav p\u00e5 f\u00f6rs\u00f6rjning vid upprepade ans\u00f6kningar om uppeh\u00e5llstillst\u00e5nd p\u00e5 grund av anknytning samt ut\u00f6kad anv\u00e4ndning av DNA-analys i anknytnings\u00e4renden. DO ser ocks\u00e5 risker med de sk\u00e4rpta kraven kring vilka som kan ans\u00f6ka om uppeh\u00e5llstillst\u00e5nd p\u00e5 grund av anknytning. Enligt DO inneb\u00e4r f\u00f6rslagen en \u00f6kad risk f\u00f6r diskriminering. DO skriver ocks\u00e5 att de riskerar att strida mot barnkonventionen och att de kommer att f\u00e5 l\u00e5ngtg\u00e5ende negativa effekter f\u00f6r barn.<\/p>\n","protected":false},"excerpt":{"rendered":"I Miniminiv\u00e5utredningens slutbet\u00e4nkande \u00c4ndring av permanent uppeh\u00e5llstillst\u00e5nd f\u00f6r vissa utl\u00e4nningar (SOU 2025:99) f\u00f6resl\u00e5s att det inf\u00f6rs en s\u00e4rskild&hellip;\n","protected":false},"author":2,"featured_media":22570,"comment_status":"","ping_status":"","sticky":false,"template":"","format":"standard","meta":{"footnotes":""},"categories":[5],"tags":[22,23,26,27,17,21,24,25,28,29,15,16,18,34,31,33,32,30,19,20],"class_list":{"0":"post-111324","1":"post","2":"type-post","3":"status-publish","4":"format-standard","5":"has-post-thumbnail","7":"category-rubriker","8":"tag-breaking-news","9":"tag-breakingnews","10":"tag-featured-news","11":"tag-featurednews","12":"tag-headlines","13":"tag-huvudnyheter","14":"tag-latest-news","15":"tag-latestnews","16":"tag-main-news","17":"tag-mainnews","18":"tag-news","19":"tag-nyheter","20":"tag-rubriker","21":"tag-se","22":"tag-svenska","23":"tag-sverige","24":"tag-sweden","25":"tag-swedish","26":"tag-top-stories","27":"tag-topstories"},"share_on_mastodon":{"url":"https:\/\/pubeurope.com\/@se\/115747030502978504","error":""},"_links":{"self":[{"href":"https:\/\/www.europesays.com\/se\/wp-json\/wp\/v2\/posts\/111324","targetHints":{"allow":["GET"]}}],"collection":[{"href":"https:\/\/www.europesays.com\/se\/wp-json\/wp\/v2\/posts"}],"about":[{"href":"https:\/\/www.europesays.com\/se\/wp-json\/wp\/v2\/types\/post"}],"author":[{"embeddable":true,"href":"https:\/\/www.europesays.com\/se\/wp-json\/wp\/v2\/users\/2"}],"replies":[{"embeddable":true,"href":"https:\/\/www.europesays.com\/se\/wp-json\/wp\/v2\/comments?post=111324"}],"version-history":[{"count":0,"href":"https:\/\/www.europesays.com\/se\/wp-json\/wp\/v2\/posts\/111324\/revisions"}],"wp:featuredmedia":[{"embeddable":true,"href":"https:\/\/www.europesays.com\/se\/wp-json\/wp\/v2\/media\/22570"}],"wp:attachment":[{"href":"https:\/\/www.europesays.com\/se\/wp-json\/wp\/v2\/media?parent=111324"}],"wp:term":[{"taxonomy":"category","embeddable":true,"href":"https:\/\/www.europesays.com\/se\/wp-json\/wp\/v2\/categories?post=111324"},{"taxonomy":"post_tag","embeddable":true,"href":"https:\/\/www.europesays.com\/se\/wp-json\/wp\/v2\/tags?post=111324"}],"curies":[{"name":"wp","href":"https:\/\/api.w.org\/{rel}","templated":true}]}}