{"id":111329,"date":"2025-12-19T15:57:08","date_gmt":"2025-12-19T15:57:08","guid":{"rendered":"https:\/\/www.europesays.com\/se\/111329\/"},"modified":"2025-12-19T15:57:08","modified_gmt":"2025-12-19T15:57:08","slug":"vanersborgs-tingsratt-soker-sommarnotarier-sveriges-domstolar","status":"publish","type":"post","link":"https:\/\/www.europesays.com\/se\/111329\/","title":{"rendered":"V\u00e4nersborgs tingsr\u00e4tt s\u00f6ker sommarnotarier &#8211; Sveriges Domstolar"},"content":{"rendered":"<p>\u00c4r du juriststuderande och vill f\u00e5 praktisk erfarenhet av domstolsarbete? \u00a0Funderar du kanske p\u00e5 en framtid inom r\u00e4ttsv\u00e4sendet? D\u00e5 \u00e4r du v\u00e4lkommen att s\u00f6ka sommarnotarietj\u00e4nstg\u00f6ring vid V\u00e4nersborgs tingsr\u00e4tt!<\/p>\n<p>Arbetsuppgifter<\/p>\n<p>Arbetet som sommarnotarie motsvarar till stor del de arbetsuppgifter som nyanst\u00e4llda notarier utf\u00f6r vid tingsr\u00e4tten. Du f\u00e5r se hur praktiskt domstolsarbete g\u00e5r till och du f\u00e5r en god inblick i det dagliga domstolsarbetet samt en allm\u00e4n tr\u00e4ning i r\u00e4ttslig analys och metodik.<\/p>\n<p>Vi s\u00f6ker tv\u00e5 sommarnotarier, en med placering p\u00e5 tingsr\u00e4ttens allm\u00e4nna avdelning och en till v\u00e5r mark- och milj\u00f6domstol.\u00a0<\/p>\n<p>Vid placering p\u00e5 allm\u00e4nna avdelningen kommer du fr\u00e4mst att f\u00e5 f\u00f6ra protokoll vid b\u00e5de brottm\u00e5ls- och tvistem\u00e5lsf\u00f6rhandlingar, eventuellt skriva domsf\u00f6rslag och g\u00f6ra r\u00e4ttsutredningar och i viss m\u00e5n bereda m\u00e5l och \u00e4renden. I tj\u00e4nsten kan det ocks\u00e5 ing\u00e5 andra p\u00e5 tingsr\u00e4tten f\u00f6rekommande arbetsuppgifter.<\/p>\n<p>Vid placering p\u00e5 mark- och milj\u00f6domstolen kommer du att f\u00e5 skriva f\u00f6rslag till domar och beslut samt, om m\u00f6jlighet finns, n\u00e4rvara vid sammantr\u00e4den och f\u00f6ra protokoll.<\/p>\n<p>Din anst\u00e4llning inleds med en introduktion som bland annat innefattar v\u00e5rt m\u00e5lhanteringssystem.<\/p>\n<p><a href=\"https:\/\/www.domstol.se\/jobba-hos-oss\/mot-vara-medarbetare\/juridik\/notarie\/\" target=\"_blank\" rel=\"noopener nofollow\">H\u00e4r<\/a> kan du l\u00e4sa mer om hur det \u00e4r att jobba som notarie<\/p>\n<p>Kvalifikationer m.m.<\/p>\n<p>Vi s\u00f6ker dig som studerar p\u00e5 juristlinjen, \u00e4r godk\u00e4nd minst till och med termin sex, har genomf\u00f6rt process- och straffr\u00e4tten och har minst en termin kvar efter anst\u00e4llningsperioden.<\/p>\n<p>Du har mycket goda betyg fr\u00e5n avslutade kurser och god kommunikativ f\u00f6rm\u00e5ga. Du tar snabbt in ny kunskap och anv\u00e4nder din erfarenhet p\u00e5 ett flexibelt s\u00e4tt. Som person \u00e4r du ansvarstagande, serviceinriktad och noggrann samt har en god analytisk f\u00f6rm\u00e5ga. Du har mycket l\u00e4tt f\u00f6r att samarbeta med andra och prioritera uppgifter efter verksamhetens behov. Du f\u00f6rmedlar information tydligt och enkelt, b\u00e5de muntligt och skriftligt. Du har mycket goda kunskaper i svenska spr\u00e5ket i b\u00e5de tal och skrift.<\/p>\n<p>F\u00f6r att bli aktuell f\u00f6r anst\u00e4llning kr\u00e4vs att du motsvarar h\u00f6gt st\u00e4llda krav g\u00e4llande omd\u00f6me, s\u00e4kerhetsmedvetande och l\u00e4mplighet. Det inneb\u00e4r att du st\u00e5r upp f\u00f6r demokratiska v\u00e4rderingar och den statliga v\u00e4rdegrund som styr Sveriges Domstolars verksamhet.\u00a0<\/p>\n<p>Vi f\u00e4ster stor vikt vid dina personliga egenskaper.\u00a0<\/p>\n<p>Inf\u00f6r anst\u00e4llning genomf\u00f6rs registerkontroller.<\/p>\n<p>Ans\u00f6kan<\/p>\n<p><b>Din ans\u00f6kan ska best\u00e5 av:<\/b><\/p>\n<ul>\n<li>CV<\/li>\n<li>Personligt brev<\/li>\n<li>Resultatintyg fr\u00e5n juristutbildningen<\/li>\n<\/ul>\n<p>Personliga intervjuer till\u00e4mpas inte f\u00f6r denna korta anst\u00e4llning utan stor vikt kommer att l\u00e4ggas vid ditt personliga brev, dina betyg och hur du motiverar ditt intresse f\u00f6r att arbeta som sommarnotarie vid v\u00e5r domstol.<\/p>\n<p>Beslut om anst\u00e4llning fattas p\u00e5 handlingarna.<\/p>\n<p>Ange i din ans\u00f6kan om du \u00f6nskar placering p\u00e5 den allm\u00e4nna avdelningen eller p\u00e5 mark- och milj\u00f6domstolen.<\/p>\n<p>Anst\u00e4llningsvillkor<\/p>\n<p>Sommarnotarietj\u00e4nsterna \u00e4r en tidsbegr\u00e4nsad anst\u00e4llning p\u00e5 8 veckor under sommaren 2026 som kan delas upp i 4 plus 4 veckor.\u00a0<\/p>\n<p>Varmt v\u00e4lkommen med din ans\u00f6kan <b>senast den 16 januari 2026<\/b>.<br \/>Tilltr\u00e4de den 15 juni 2026 eller enligt \u00f6verenskommelse.\u00a0<\/p>\n<p>P\u00e5 grund av ledigheter \u00f6ver jul och ny\u00e5r har vi sv\u00e5rt att besvara fr\u00e5gor mellan den 22 december 2025 och 7 januari. Vi kommer att besvara samtliga fr\u00e5gor s\u00e5 fort vi har m\u00f6jlighet.\u00a0\u00a0<\/p>\n","protected":false},"excerpt":{"rendered":"\u00c4r du juriststuderande och vill f\u00e5 praktisk erfarenhet av domstolsarbete? \u00a0Funderar du kanske p\u00e5 en framtid inom r\u00e4ttsv\u00e4sendet?&hellip;\n","protected":false},"author":2,"featured_media":111330,"comment_status":"","ping_status":"","sticky":false,"template":"","format":"standard","meta":{"footnotes":""},"categories":[12],"tags":[22,23,26,27,17,21,24,25,28,29,15,16,18,34,31,33,32,30,19,20],"class_list":{"0":"post-111329","1":"post","2":"type-post","3":"status-publish","4":"format-standard","5":"has-post-thumbnail","7":"category-sverige","8":"tag-breaking-news","9":"tag-breakingnews","10":"tag-featured-news","11":"tag-featurednews","12":"tag-headlines","13":"tag-huvudnyheter","14":"tag-latest-news","15":"tag-latestnews","16":"tag-main-news","17":"tag-mainnews","18":"tag-news","19":"tag-nyheter","20":"tag-rubriker","21":"tag-se","22":"tag-svenska","23":"tag-sverige","24":"tag-sweden","25":"tag-swedish","26":"tag-top-stories","27":"tag-topstories"},"share_on_mastodon":{"url":"https:\/\/pubeurope.com\/@se\/115747058322875562","error":""},"_links":{"self":[{"href":"https:\/\/www.europesays.com\/se\/wp-json\/wp\/v2\/posts\/111329","targetHints":{"allow":["GET"]}}],"collection":[{"href":"https:\/\/www.europesays.com\/se\/wp-json\/wp\/v2\/posts"}],"about":[{"href":"https:\/\/www.europesays.com\/se\/wp-json\/wp\/v2\/types\/post"}],"author":[{"embeddable":true,"href":"https:\/\/www.europesays.com\/se\/wp-json\/wp\/v2\/users\/2"}],"replies":[{"embeddable":true,"href":"https:\/\/www.europesays.com\/se\/wp-json\/wp\/v2\/comments?post=111329"}],"version-history":[{"count":0,"href":"https:\/\/www.europesays.com\/se\/wp-json\/wp\/v2\/posts\/111329\/revisions"}],"wp:featuredmedia":[{"embeddable":true,"href":"https:\/\/www.europesays.com\/se\/wp-json\/wp\/v2\/media\/111330"}],"wp:attachment":[{"href":"https:\/\/www.europesays.com\/se\/wp-json\/wp\/v2\/media?parent=111329"}],"wp:term":[{"taxonomy":"category","embeddable":true,"href":"https:\/\/www.europesays.com\/se\/wp-json\/wp\/v2\/categories?post=111329"},{"taxonomy":"post_tag","embeddable":true,"href":"https:\/\/www.europesays.com\/se\/wp-json\/wp\/v2\/tags?post=111329"}],"curies":[{"name":"wp","href":"https:\/\/api.w.org\/{rel}","templated":true}]}}