{"id":111331,"date":"2025-12-19T15:58:12","date_gmt":"2025-12-19T15:58:12","guid":{"rendered":"https:\/\/www.europesays.com\/se\/111331\/"},"modified":"2025-12-19T15:58:12","modified_gmt":"2025-12-19T15:58:12","slug":"forandrade-oppettider-under-jul-och-nyar","status":"publish","type":"post","link":"https:\/\/www.europesays.com\/se\/111331\/","title":{"rendered":"F\u00f6r\u00e4ndrade \u00f6ppettider under jul och ny\u00e5r"},"content":{"rendered":"<p>                <a href=\"https:\/\/www.svedala.se\/paverka\/nyheter\/\" class=\"backtolist rs_skip_always\" rel=\"nofollow noopener\" target=\"_blank\">Tillbaka till nyhetslistan<\/a><\/p>\n<p>&#13;<br \/>\n                Publicerad 2025-12-19 kl 11:26&#13;\n            <\/p>\n<p><img loading=\"lazy\" decoding=\"async\" src=\"https:\/\/www.europesays.com\/se\/wp-content\/uploads\/2025\/12\/Julgran_Stortorget.jpg\" alt=\"\" width=\"840\" height=\"332\"\/>    <\/p>\n<p class=\"maincontent__ingress\">Under jul- och ny\u00e5rshelgerna f\u00f6rekommer det avvikande \u00f6ppettider. H\u00e4r hittar du information om vad som g\u00e4ller under helgerna.<\/p>\n<p>                Kundservice i kommunhuset<\/p>\n<p>Under jul och ny\u00e5r har Kundservice \u00e4ndrade \u00f6ppettider enligt f\u00f6ljande:<\/p>\n<p>23 december: kl. 07.45\u201315.00<br \/>24\u201326 december: St\u00e4ngt<br \/>29 december: kl. 07.45\u201316.30<br \/>30 december: kl. 07.45\u201315.00<br \/>31 december\u20131 januari: St\u00e4ngt<br \/>2 januari: kl. 07.45\u201315.00<br \/>5 januari: kl. 07.45\u201315.00<br \/>6 januari: St\u00e4ngt<\/p>\n<p>Har du ett \u00e4rende eller en fr\u00e5ga? P\u00e5 v\u00e5r webbplats hittar du alla v\u00e5ra kontaktv\u00e4gar och e-tj\u00e4nster.<\/p>\n<p><a href=\"https:\/\/www.svedala.se\/paverka\/kommun\/kontakt-svedala-kommun\/\" target=\"_top\" rel=\"nofollow noopener\">Kontakta oss<\/a><\/p>\n<p>\u00c4ndrade tider f\u00f6r soph\u00e4mtning<\/p>\n<p>Under jul- och ny\u00e5rsveckorna \u00e4r soph\u00e4mtningen delvis f\u00f6r\u00e4ndrad.<\/p>\n<ul>\n<li>Ingen t\u00f6mning sker p\u00e5 juldagen den 25 december eller p\u00e5 ny\u00e5rsdagen den 1 januari.<\/li>\n<li>F\u00f6r dig som normalt har t\u00f6mning p\u00e5 torsdag eller fredag under vecka 52 och vecka 1 flyttas t\u00f6mningen fram en dag.<\/li>\n<\/ul>\n<p><a href=\"https:\/\/www.sysav.se\/om-oss\/press-och-media\/nyheter\/andrad-sophamtning-under-jul-och-nyarsveckorna\/?link_id=c69f860d-cae4-4f6c-8df9-8d88ae4573cc\" target=\"_blank\" rel=\"noopener nofollow\">Mer information om \u00e4ndrad soph\u00e4mtning finns hos Sysav, \u00d6ppnar ny flik.<\/a><\/p>\n<p>Avvikande \u00f6ppettider p\u00e5 Svedala \u00e5tervinningscentral<\/p>\n<p>Svedala \u00e5tervinningscentral har f\u00f6ljande \u00f6ppettider under helgerna:<\/p>\n<p>23 december: kl. 11.00\u201318.00<br \/>24- 25 december: St\u00e4ngt<br \/>26 december: kl. 09.00\u201315.00<br \/>31 december &#8211; 1 januari: St\u00e4ngt<br \/>6 januari: kl. 09.00\u201315.00<\/p>\n<p><a href=\"https:\/\/www.sysav.se\/privat\/atervinningscentraler\/svedala\/\" target=\"_blank\" rel=\"noopener nofollow\">Mer information om \u00e5tervinningscentralen finns hos Sysav, \u00d6ppnar ny flik.<\/a><\/p>\n<p>Akut hj\u00e4lp utanf\u00f6r v\u00e5ra \u00f6ppettider<\/p>\n<p>Vid akut behov av hj\u00e4lp, f\u00f6r dig, n\u00e5gon anh\u00f6rig eller n\u00e4rst\u00e5ende, hittar du kontaktuppgifter p\u00e5 v\u00e5r webbplats.<\/p>\n<p><a href=\"https:\/\/www.svedala.se\/bo\/omsorg-och-hjalp\/akut-hjalp\/\" target=\"_top\" rel=\"nofollow noopener\">Kontaktuppgifter vid akut hj\u00e4lp<\/a><\/p>\n<p>Trygghetsv\u00e4rdar<\/p>\n<p>Har du upplysningar till v\u00e5ra trygghetsv\u00e4rdar? Kontakta dem via<\/p>\n<p><a href=\"https:\/\/e-tjanster.svedala.se\/oversikt\/flow\/746\" target=\"_blank\" rel=\"noopener nofollow\">E-tj\u00e4nst &#8221;L\u00e4mna upplysningar till trygghetsv\u00e4rdar&#8221;, \u00f6ppnar ny flik<\/a><br \/>Telefon: <a href=\"https:\/\/www.svedala.se\/paverka\/nyheter\/2025\/december\/forandrade-oppettider-under-jul-och-nyar\/tel:040-626 81 19\" rel=\"nofollow noopener\" target=\"_blank\">040-626 81 19<\/a><\/p>\n<p>Biblioteken<\/p>\n<p><strong>24\/12 &#8211; 26\/12:<\/strong><br \/>Svedala bibliotek: St\u00e4ngt. Mer\u00f6ppet kl. 07-21.<br \/>Bara bibliotek och Kl\u00e5gerups bibliotek: St\u00e4ngt. Mer\u00f6ppet kl. 06-22.<\/p>\n<p><strong>31\/12 &#8211; 1\/1:<\/strong><br \/>Svedala bibliotek: St\u00e4ngt. Mer\u00f6ppet kl. 07-21.<br \/>Bara bibliotek och Kl\u00e5gerups bibliotek: St\u00e4ngt. Mer\u00f6ppet kl. 06-22.<\/p>\n<p><a href=\"https:\/\/bibliotek.svedala.se\/startsida#\/\" target=\"_blank\" rel=\"noopener nofollow\">Fler \u00f6ppettider, Biblioteken i Svedala kommun, \u00d6ppnar ny flik.<\/a><\/p>\n","protected":false},"excerpt":{"rendered":"Tillbaka till nyhetslistan &#13; Publicerad 2025-12-19 kl 11:26&#13; Under jul- och ny\u00e5rshelgerna f\u00f6rekommer det avvikande \u00f6ppettider. H\u00e4r hittar&hellip;\n","protected":false},"author":2,"featured_media":111332,"comment_status":"","ping_status":"","sticky":false,"template":"","format":"standard","meta":{"footnotes":""},"categories":[5],"tags":[22,23,26,27,17,21,24,25,28,29,15,16,18,34,31,33,32,30,19,20],"class_list":{"0":"post-111331","1":"post","2":"type-post","3":"status-publish","4":"format-standard","5":"has-post-thumbnail","7":"category-rubriker","8":"tag-breaking-news","9":"tag-breakingnews","10":"tag-featured-news","11":"tag-featurednews","12":"tag-headlines","13":"tag-huvudnyheter","14":"tag-latest-news","15":"tag-latestnews","16":"tag-main-news","17":"tag-mainnews","18":"tag-news","19":"tag-nyheter","20":"tag-rubriker","21":"tag-se","22":"tag-svenska","23":"tag-sverige","24":"tag-sweden","25":"tag-swedish","26":"tag-top-stories","27":"tag-topstories"},"share_on_mastodon":{"url":"https:\/\/pubeurope.com\/@se\/115747062058260369","error":""},"_links":{"self":[{"href":"https:\/\/www.europesays.com\/se\/wp-json\/wp\/v2\/posts\/111331","targetHints":{"allow":["GET"]}}],"collection":[{"href":"https:\/\/www.europesays.com\/se\/wp-json\/wp\/v2\/posts"}],"about":[{"href":"https:\/\/www.europesays.com\/se\/wp-json\/wp\/v2\/types\/post"}],"author":[{"embeddable":true,"href":"https:\/\/www.europesays.com\/se\/wp-json\/wp\/v2\/users\/2"}],"replies":[{"embeddable":true,"href":"https:\/\/www.europesays.com\/se\/wp-json\/wp\/v2\/comments?post=111331"}],"version-history":[{"count":0,"href":"https:\/\/www.europesays.com\/se\/wp-json\/wp\/v2\/posts\/111331\/revisions"}],"wp:featuredmedia":[{"embeddable":true,"href":"https:\/\/www.europesays.com\/se\/wp-json\/wp\/v2\/media\/111332"}],"wp:attachment":[{"href":"https:\/\/www.europesays.com\/se\/wp-json\/wp\/v2\/media?parent=111331"}],"wp:term":[{"taxonomy":"category","embeddable":true,"href":"https:\/\/www.europesays.com\/se\/wp-json\/wp\/v2\/categories?post=111331"},{"taxonomy":"post_tag","embeddable":true,"href":"https:\/\/www.europesays.com\/se\/wp-json\/wp\/v2\/tags?post=111331"}],"curies":[{"name":"wp","href":"https:\/\/api.w.org\/{rel}","templated":true}]}}