{"id":111337,"date":"2025-12-19T16:05:08","date_gmt":"2025-12-19T16:05:08","guid":{"rendered":"https:\/\/www.europesays.com\/se\/111337\/"},"modified":"2025-12-19T16:05:08","modified_gmt":"2025-12-19T16:05:08","slug":"kastade-handgranat-mot-balkong-i-norrkoping-atalas","status":"publish","type":"post","link":"https:\/\/www.europesays.com\/se\/111337\/","title":{"rendered":"Kastade handgranat mot balkong i Norrk\u00f6ping \u2013 \u00e5talas"},"content":{"rendered":"<p>Enligt utredningen ska explosionen ha orsakats av en handgranat som mannen h\u00e4mtat i Stockholmstrakten samma dag.<\/p>\n<p>Polisens misstankar mot mannen uppstod under sommaren. D\u00e5 satt han redan h\u00e4ktad f\u00f6r en granatattack i V\u00e4ster\u00e5s som han senare ocks\u00e5 d\u00f6mdes f\u00f6r.<\/p>\n<p>Kvinna stoppade inte spr\u00e4ngningen<\/p>\n<p>Under fredagen \u00e5talades mannen vid Norrk\u00f6pings tingsr\u00e4tt misst\u00e4nkt f\u00f6r grov allm\u00e4nfarlig \u00f6del\u00e4ggelse och grovt brott mot lagen om brandfarliga och explosiva varor.<\/p>\n<p>\u00c4ven en kvinna i 40-\u00e5rs\u00e5ldern \u00e5talas i fallet f\u00f6r att inte ha larmat polisen om att spr\u00e4ngningen skulle intr\u00e4ffa, trots att hon k\u00e4nde till det.<\/p>\n<p>Mannen och kvinnan nekar till brott.<\/p>\n","protected":false},"excerpt":{"rendered":"Enligt utredningen ska explosionen ha orsakats av en handgranat som mannen h\u00e4mtat i Stockholmstrakten samma dag. Polisens misstankar&hellip;\n","protected":false},"author":2,"featured_media":111338,"comment_status":"","ping_status":"","sticky":false,"template":"","format":"standard","meta":{"footnotes":""},"categories":[12],"tags":[22,23,26,27,17,21,24,25,28,29,15,16,18,34,31,33,32,30,19,20],"class_list":{"0":"post-111337","1":"post","2":"type-post","3":"status-publish","4":"format-standard","5":"has-post-thumbnail","7":"category-sverige","8":"tag-breaking-news","9":"tag-breakingnews","10":"tag-featured-news","11":"tag-featurednews","12":"tag-headlines","13":"tag-huvudnyheter","14":"tag-latest-news","15":"tag-latestnews","16":"tag-main-news","17":"tag-mainnews","18":"tag-news","19":"tag-nyheter","20":"tag-rubriker","21":"tag-se","22":"tag-svenska","23":"tag-sverige","24":"tag-sweden","25":"tag-swedish","26":"tag-top-stories","27":"tag-topstories"},"share_on_mastodon":{"url":"https:\/\/pubeurope.com\/@se\/115747089556946518","error":""},"_links":{"self":[{"href":"https:\/\/www.europesays.com\/se\/wp-json\/wp\/v2\/posts\/111337","targetHints":{"allow":["GET"]}}],"collection":[{"href":"https:\/\/www.europesays.com\/se\/wp-json\/wp\/v2\/posts"}],"about":[{"href":"https:\/\/www.europesays.com\/se\/wp-json\/wp\/v2\/types\/post"}],"author":[{"embeddable":true,"href":"https:\/\/www.europesays.com\/se\/wp-json\/wp\/v2\/users\/2"}],"replies":[{"embeddable":true,"href":"https:\/\/www.europesays.com\/se\/wp-json\/wp\/v2\/comments?post=111337"}],"version-history":[{"count":0,"href":"https:\/\/www.europesays.com\/se\/wp-json\/wp\/v2\/posts\/111337\/revisions"}],"wp:featuredmedia":[{"embeddable":true,"href":"https:\/\/www.europesays.com\/se\/wp-json\/wp\/v2\/media\/111338"}],"wp:attachment":[{"href":"https:\/\/www.europesays.com\/se\/wp-json\/wp\/v2\/media?parent=111337"}],"wp:term":[{"taxonomy":"category","embeddable":true,"href":"https:\/\/www.europesays.com\/se\/wp-json\/wp\/v2\/categories?post=111337"},{"taxonomy":"post_tag","embeddable":true,"href":"https:\/\/www.europesays.com\/se\/wp-json\/wp\/v2\/tags?post=111337"}],"curies":[{"name":"wp","href":"https:\/\/api.w.org\/{rel}","templated":true}]}}