{"id":111339,"date":"2025-12-19T16:06:10","date_gmt":"2025-12-19T16:06:10","guid":{"rendered":"https:\/\/www.europesays.com\/se\/111339\/"},"modified":"2025-12-19T16:06:10","modified_gmt":"2025-12-19T16:06:10","slug":"epsteinpapperen-slapps-detta-har-hant","status":"publish","type":"post","link":"https:\/\/www.europesays.com\/se\/111339\/","title":{"rendered":"Epsteinpapperen sl\u00e4pps \u2013 detta har h\u00e4nt"},"content":{"rendered":"<p>Fredagen inneb\u00e4r att tidsgr\u00e4nsen g\u00e5r ut f\u00f6r justitiedepartementet i Washington att sl\u00e4ppa \u00e5terstoden av utredningen av den d\u00f6mda sexbrottslingen Jeffrey Epstein. Den f\u00f6rsta omg\u00e5ngen dokument sl\u00e4pps fredag, med ytterligare sl\u00e4pp kommande dygn, <a href=\"https:\/\/www.cbsnews.com\/live-updates\/epstein-files-released-2025\/\" target=\"_blank\" rel=\"noopener noreferrer nofollow\">uppger<\/a> justitiedepartementet p\u00e5 fredagen. <\/p>\n<p>Deadlinen l\u00f6pte 30 dygn och sattes n\u00e4r kongressen r\u00f6stade igenom en lag, Epstein Files Transparency Act, som stadgade att hela utredningen skulle offentligg\u00f6ras \u2013 dock med tid f\u00f6r att dokumenten skulle hinna sekretessgranskas. K\u00e4llor p\u00e5 departementet uppger att personalen haft sv\u00e5rt att hinna, rapporterar <a href=\"https:\/\/edition.cnn.com\/2025\/12\/18\/politics\/epstein-documents-redaction-process\" target=\"_blank\" rel=\"noopener noreferrer nofollow\">CNN<\/a> p\u00e5 fredagen.<\/p>\n","protected":false},"excerpt":{"rendered":"Fredagen inneb\u00e4r att tidsgr\u00e4nsen g\u00e5r ut f\u00f6r justitiedepartementet i Washington att sl\u00e4ppa \u00e5terstoden av utredningen av den d\u00f6mda&hellip;\n","protected":false},"author":2,"featured_media":111340,"comment_status":"","ping_status":"","sticky":false,"template":"","format":"standard","meta":{"footnotes":""},"categories":[5],"tags":[22,23,26,27,17,21,24,25,28,29,15,16,18,34,31,33,32,30,19,20],"class_list":{"0":"post-111339","1":"post","2":"type-post","3":"status-publish","4":"format-standard","5":"has-post-thumbnail","7":"category-rubriker","8":"tag-breaking-news","9":"tag-breakingnews","10":"tag-featured-news","11":"tag-featurednews","12":"tag-headlines","13":"tag-huvudnyheter","14":"tag-latest-news","15":"tag-latestnews","16":"tag-main-news","17":"tag-mainnews","18":"tag-news","19":"tag-nyheter","20":"tag-rubriker","21":"tag-se","22":"tag-svenska","23":"tag-sverige","24":"tag-sweden","25":"tag-swedish","26":"tag-top-stories","27":"tag-topstories"},"share_on_mastodon":{"url":"https:\/\/pubeurope.com\/@se\/115747093422176543","error":""},"_links":{"self":[{"href":"https:\/\/www.europesays.com\/se\/wp-json\/wp\/v2\/posts\/111339","targetHints":{"allow":["GET"]}}],"collection":[{"href":"https:\/\/www.europesays.com\/se\/wp-json\/wp\/v2\/posts"}],"about":[{"href":"https:\/\/www.europesays.com\/se\/wp-json\/wp\/v2\/types\/post"}],"author":[{"embeddable":true,"href":"https:\/\/www.europesays.com\/se\/wp-json\/wp\/v2\/users\/2"}],"replies":[{"embeddable":true,"href":"https:\/\/www.europesays.com\/se\/wp-json\/wp\/v2\/comments?post=111339"}],"version-history":[{"count":0,"href":"https:\/\/www.europesays.com\/se\/wp-json\/wp\/v2\/posts\/111339\/revisions"}],"wp:featuredmedia":[{"embeddable":true,"href":"https:\/\/www.europesays.com\/se\/wp-json\/wp\/v2\/media\/111340"}],"wp:attachment":[{"href":"https:\/\/www.europesays.com\/se\/wp-json\/wp\/v2\/media?parent=111339"}],"wp:term":[{"taxonomy":"category","embeddable":true,"href":"https:\/\/www.europesays.com\/se\/wp-json\/wp\/v2\/categories?post=111339"},{"taxonomy":"post_tag","embeddable":true,"href":"https:\/\/www.europesays.com\/se\/wp-json\/wp\/v2\/tags?post=111339"}],"curies":[{"name":"wp","href":"https:\/\/api.w.org\/{rel}","templated":true}]}}