{"id":111347,"date":"2025-12-19T16:13:08","date_gmt":"2025-12-19T16:13:08","guid":{"rendered":"https:\/\/www.europesays.com\/se\/111347\/"},"modified":"2025-12-19T16:13:08","modified_gmt":"2025-12-19T16:13:08","slug":"stora-forandringar-av-svenskt-bistand","status":"publish","type":"post","link":"https:\/\/www.europesays.com\/se\/111347\/","title":{"rendered":"Stora f\u00f6r\u00e4ndringar av svenskt bist\u00e5nd"},"content":{"rendered":"<p>&#13;<br \/>\nSt\u00f6det till Ukraina \u00e4r Sveriges fr\u00e4msta utrikes- och bist\u00e5ndspolitiska prioritering. F\u00f6r att kunna prioritera Ukraina tillk\u00e4nnagav regeringen tidigare utfasningar av flera bilaterala bist\u00e5ndsstrategier 2026. Nu presenterar regeringen en \u00e4nnu st\u00f6rre omprioritering av svenskt bist\u00e5nd. Totalt omprioriteras omkring 5 miljarder kronor j\u00e4mf\u00f6rt med ing\u00e5ngen av 2025.<\/p>\n<p>\u2013 St\u00f6det till Ukraina \u00e4r avg\u00f6rande f\u00f6r Europas och Sveriges s\u00e4kerhet. F\u00f6r att kunna ge Ukraina det st\u00f6d som kr\u00e4vs m\u00e5ste vi prioritera om och minska annat bist\u00e5nd. Sveriges engagemang f\u00f6r humanit\u00e4ra insatser och globala h\u00e4lsoprogram st\u00e5r fast och Sverige forts\u00e4tter att vara en av v\u00e4rldens st\u00f6rsta givare av humanit\u00e4rt bist\u00e5nd. Vi kommer fortsatt att g\u00f6ra verklig skillnad f\u00f6r v\u00e4rldens mest utsatta, s\u00e4ger bist\u00e5nds- och utrikeshandelsminister Benjamin Dousa.<\/p>\n<p>\u2013 I det allvarliga s\u00e4kerhetspolitiska l\u00e4get \u00e4r det av yttersta vikt att prioritera st\u00f6det till Ukraina. Med dessa omprioriteringar s\u00e4kerst\u00e4ller vi att svenskt bist\u00e5nd anv\u00e4nds d\u00e4r det g\u00f6r verklig skillnad och st\u00e4rker Europas och Sveriges s\u00e4kerhet, s\u00e4ger Mattias Karlsson, ordf\u00f6rande i utrikesutskottet f\u00f6r Sverigedemokraterna.<\/p>\n<p>Humanit\u00e4rt bist\u00e5nd \u00e4r en central del av Sveriges utrikespolitik och globala engagemang. Totalt avs\u00e4tts cirka 8,2 miljarder kronor av bist\u00e5ndsbudgeten 2026 f\u00f6r humanit\u00e4ra insatser v\u00e4rlden \u00f6ver.<\/p>\n<p>Sverige forts\u00e4tter \u00e4ven att v\u00e4rna h\u00e4lsa och sexuell och reproduktiv h\u00e4lsa och r\u00e4ttigheter (SRHR) inom utvecklingssamarbetet. I 2026 \u00e5rs budget avs\u00e4tts 680 miljoner kronor till strategin f\u00f6r h\u00e4lsa och SRHR och 570 miljoner kronor till strategin f\u00f6r SRHR i Afrika. \u00c4ven demokratibist\u00e5ndet v\u00e4rnas.<\/p>\n","protected":false},"excerpt":{"rendered":"&#13; St\u00f6det till Ukraina \u00e4r Sveriges fr\u00e4msta utrikes- och bist\u00e5ndspolitiska prioritering. F\u00f6r att kunna prioritera Ukraina tillk\u00e4nnagav regeringen&hellip;\n","protected":false},"author":2,"featured_media":67452,"comment_status":"","ping_status":"","sticky":false,"template":"","format":"standard","meta":{"footnotes":""},"categories":[12],"tags":[22,23,26,27,17,21,24,25,28,29,15,16,18,34,31,33,32,30,19,20],"class_list":{"0":"post-111347","1":"post","2":"type-post","3":"status-publish","4":"format-standard","5":"has-post-thumbnail","7":"category-sverige","8":"tag-breaking-news","9":"tag-breakingnews","10":"tag-featured-news","11":"tag-featurednews","12":"tag-headlines","13":"tag-huvudnyheter","14":"tag-latest-news","15":"tag-latestnews","16":"tag-main-news","17":"tag-mainnews","18":"tag-news","19":"tag-nyheter","20":"tag-rubriker","21":"tag-se","22":"tag-svenska","23":"tag-sverige","24":"tag-sweden","25":"tag-swedish","26":"tag-top-stories","27":"tag-topstories"},"share_on_mastodon":{"url":"https:\/\/pubeurope.com\/@se\/115747121093838920","error":""},"_links":{"self":[{"href":"https:\/\/www.europesays.com\/se\/wp-json\/wp\/v2\/posts\/111347","targetHints":{"allow":["GET"]}}],"collection":[{"href":"https:\/\/www.europesays.com\/se\/wp-json\/wp\/v2\/posts"}],"about":[{"href":"https:\/\/www.europesays.com\/se\/wp-json\/wp\/v2\/types\/post"}],"author":[{"embeddable":true,"href":"https:\/\/www.europesays.com\/se\/wp-json\/wp\/v2\/users\/2"}],"replies":[{"embeddable":true,"href":"https:\/\/www.europesays.com\/se\/wp-json\/wp\/v2\/comments?post=111347"}],"version-history":[{"count":0,"href":"https:\/\/www.europesays.com\/se\/wp-json\/wp\/v2\/posts\/111347\/revisions"}],"wp:featuredmedia":[{"embeddable":true,"href":"https:\/\/www.europesays.com\/se\/wp-json\/wp\/v2\/media\/67452"}],"wp:attachment":[{"href":"https:\/\/www.europesays.com\/se\/wp-json\/wp\/v2\/media?parent=111347"}],"wp:term":[{"taxonomy":"category","embeddable":true,"href":"https:\/\/www.europesays.com\/se\/wp-json\/wp\/v2\/categories?post=111347"},{"taxonomy":"post_tag","embeddable":true,"href":"https:\/\/www.europesays.com\/se\/wp-json\/wp\/v2\/tags?post=111347"}],"curies":[{"name":"wp","href":"https:\/\/api.w.org\/{rel}","templated":true}]}}