{"id":111348,"date":"2025-12-19T16:14:14","date_gmt":"2025-12-19T16:14:14","guid":{"rendered":"https:\/\/www.europesays.com\/se\/111348\/"},"modified":"2025-12-19T16:14:14","modified_gmt":"2025-12-19T16:14:14","slug":"laromedel-har-ar-reinfeldt-fortfarande-statsminister","status":"publish","type":"post","link":"https:\/\/www.europesays.com\/se\/111348\/","title":{"rendered":"L\u00e4romedel: H\u00e4r \u00e4r Reinfeldt fortfarande statsminister"},"content":{"rendered":"<p>                                    <img decoding=\"async\" src=\"https:\/\/www.europesays.com\/se\/wp-content\/uploads\/2025\/12\/fredrik-reinfeldt-laromedel.jpg\" alt=\"\" loading=\"lazy\"\/><\/p>\n<p>                                    Foto: Bildbyr\u00e5n<\/p>\n<p class=\"article-headerImageDescription\">Eskilstuna har tappat i ink\u00f6p av nya l\u00e4romedel. Bland annat \u00e4r Fredrik Reinfeldt fortfarande statsminister i m\u00e5nga av kommunens l\u00e4romedel.<\/p>\n<p class=\"article-preamble\">\n                        L\u00e4romedel<br \/>\n                        I Eskilstunas l\u00e4rob\u00f6cker \u00e4r Fredrik Reinfeldt fortfarande statsminister.<br \/>\u2013 Vi befinner oss verkligen p\u00e5 bristningsgr\u00e4nsen, s\u00e4ger Magnus Klavins, ordf\u00f6rande f\u00f6r Sveriges L\u00e4rare i Eskilstuna.\n                    <\/p>\n<p>                    <img loading=\"lazy\" decoding=\"async\" class=\"article-bylineImg\" src=\"https:\/\/www.europesays.com\/se\/wp-content\/uploads\/2025\/12\/1766160853_460_jan-huss.jpeg\" width=\"100\" height=\"100\" alt=\"\"\/><\/p>\n<p>Siffrorna talar sitt tydliga spr\u00e5k. Eskilstuna har tappat 175 platser sedan 2021 i L\u00e4romedelsbarometern som m\u00e4ter kommunernas ink\u00f6p av l\u00e4romedel.<\/p>\n<p>2024 lade kommunen 735 kronor i l\u00e4romedlen per elev vilket placerade dem p\u00e5 plats 263 av 290 kommuner.<\/p>\n<p>\u2013 Jag brukar j\u00e4mf\u00f6ra det med ett gummiband, s\u00e4ger Magnus Klavins, ordf\u00f6rande f\u00f6r Sveriges L\u00e4rare i Eskilstuna.<\/p>\n<p>                            <img decoding=\"async\" src=\"https:\/\/www.europesays.com\/se\/wp-content\/uploads\/2025\/12\/magnus-klavins-portratt.jpg\" width=\"237\" loading=\"lazy\"\/><\/p>\n<p class=\"figure-description\">Magnus Klavins.<\/p>\n<p>\u2013 Jag har varit l\u00e4rare h\u00e4r i 25 \u00e5r och har t\u00e4njt det d\u00e4r gummibandet varje \u00e5r men nu g\u00e5r det inte l\u00e4ngre, inte en millimeter till. Det kommer att brista.<\/p>\n<p>Samma exemplar i tio \u00e5r<\/p>\n<p>Han har anv\u00e4nt samma exemplar av l\u00e4rob\u00f6cker i engelska de senaste tio \u00e5ren och ber\u00e4ttar att det inte finns tillr\u00e4ckligt med matematikb\u00f6cker f\u00f6r att varje elev ska ha ett eget exemplar.<\/p>\n<p>\u2013 Som l\u00e4rare i engelska \u00e4r jag lyckligt lottad, verben b\u00f6js p\u00e5 samma s\u00e4tt nu som f\u00f6r tio \u00e5r sedan men f\u00f6r samh\u00e4llskunskapsl\u00e4raren \u00e4r det v\u00e4rre, d\u00e4r \u00e4r Fredrik Reinfeldt fortfarande statsminister i m\u00e5nga av b\u00f6ckerna.<\/p>\n<p>Han s\u00e4ger att st\u00e4mningen \u00e4r uppgiven.<\/p>\n<p>\u2013 Det \u00e4r bara Sveriges L\u00e4rare som k\u00e4mpar h\u00e4r och vi g\u00f6r det i motvind och uppf\u00f6rsbacke. Eleverna vet inget annat och accepterar den v\u00e4rld de lever i. Om de visst hur bra det skulle kunna vara och ber\u00e4ttade om hur de har det f\u00f6r sina f\u00f6r\u00e4ldrar skulle det kunna skapas opinion i samh\u00e4llet. Men s\u00e5 \u00e4r det inte. Vi manifesterar och demonstrerar men inget h\u00e4nder.<\/p>\n<p>\u201dEn utmattad organisation\u201d<\/p>\n<p>I Eskilstuna finns fyra gymnasieskolor och enligt Magnus Klevins \u00e4r situationen densamma p\u00e5 alla.<\/p>\n<p>\u2013 Det \u00e4r en utmattad organisation, man vet inte om man ska skratta eller gr\u00e5ta.<\/p>\n<p>Trots att nya l\u00e4roplanen togs i drift efter sommaren ser bokhyllorna ut som tidigare.<\/p>\n<p>\u2013 Man hade ju kunnat t\u00e4nka sig att man satsade p\u00e5 n\u00e5got s\u00e4tt men redan i september, en m\u00e5nad efter skolstart, meddelades det att vi hade k\u00f6pstopp. Det \u00e4r samma visa \u00e5r efter \u00e5r. \u201dBudget i balans\u201d \u00e4r till och med ett viktigare m\u00e5l \u00e4n att fler ska ta examen i kommunens egna handlingar.<\/p>\n<p><strong>L\u00c4S MER:<\/strong><\/p>\n<p><a title=\"Skolor k\u00f6per inte in mer l\u00e4romedel: \u201dKlyftorna \u00f6kar\u201d\" href=\"https:\/\/www.vilarare.se\/nyheter\/laromedel\/mer-laromedel-kops-inte-till-skolor-klyftorna-okar\/\" rel=\"nofollow noopener\" target=\"_blank\">Skolor k\u00f6per inte in mer l\u00e4romedel: \u201dKlyftorna \u00f6kar\u201d<\/a><\/p>\n","protected":false},"excerpt":{"rendered":"Foto: Bildbyr\u00e5n Eskilstuna har tappat i ink\u00f6p av nya l\u00e4romedel. Bland annat \u00e4r Fredrik Reinfeldt fortfarande statsminister i&hellip;\n","protected":false},"author":2,"featured_media":111349,"comment_status":"","ping_status":"","sticky":false,"template":"","format":"standard","meta":{"footnotes":""},"categories":[5],"tags":[22,23,26,27,17,21,24,25,28,29,15,16,18,34,31,33,32,30,19,20],"class_list":{"0":"post-111348","1":"post","2":"type-post","3":"status-publish","4":"format-standard","5":"has-post-thumbnail","7":"category-rubriker","8":"tag-breaking-news","9":"tag-breakingnews","10":"tag-featured-news","11":"tag-featurednews","12":"tag-headlines","13":"tag-huvudnyheter","14":"tag-latest-news","15":"tag-latestnews","16":"tag-main-news","17":"tag-mainnews","18":"tag-news","19":"tag-nyheter","20":"tag-rubriker","21":"tag-se","22":"tag-svenska","23":"tag-sverige","24":"tag-sweden","25":"tag-swedish","26":"tag-top-stories","27":"tag-topstories"},"share_on_mastodon":{"url":"https:\/\/pubeurope.com\/@se\/115747125076958592","error":""},"_links":{"self":[{"href":"https:\/\/www.europesays.com\/se\/wp-json\/wp\/v2\/posts\/111348","targetHints":{"allow":["GET"]}}],"collection":[{"href":"https:\/\/www.europesays.com\/se\/wp-json\/wp\/v2\/posts"}],"about":[{"href":"https:\/\/www.europesays.com\/se\/wp-json\/wp\/v2\/types\/post"}],"author":[{"embeddable":true,"href":"https:\/\/www.europesays.com\/se\/wp-json\/wp\/v2\/users\/2"}],"replies":[{"embeddable":true,"href":"https:\/\/www.europesays.com\/se\/wp-json\/wp\/v2\/comments?post=111348"}],"version-history":[{"count":0,"href":"https:\/\/www.europesays.com\/se\/wp-json\/wp\/v2\/posts\/111348\/revisions"}],"wp:featuredmedia":[{"embeddable":true,"href":"https:\/\/www.europesays.com\/se\/wp-json\/wp\/v2\/media\/111349"}],"wp:attachment":[{"href":"https:\/\/www.europesays.com\/se\/wp-json\/wp\/v2\/media?parent=111348"}],"wp:term":[{"taxonomy":"category","embeddable":true,"href":"https:\/\/www.europesays.com\/se\/wp-json\/wp\/v2\/categories?post=111348"},{"taxonomy":"post_tag","embeddable":true,"href":"https:\/\/www.europesays.com\/se\/wp-json\/wp\/v2\/tags?post=111348"}],"curies":[{"name":"wp","href":"https:\/\/api.w.org\/{rel}","templated":true}]}}