{"id":111357,"date":"2025-12-19T16:21:10","date_gmt":"2025-12-19T16:21:10","guid":{"rendered":"https:\/\/www.europesays.com\/se\/111357\/"},"modified":"2025-12-19T16:21:10","modified_gmt":"2025-12-19T16:21:10","slug":"rodgrona-vill-utreda-hur-spelsektorn-kan-starkas","status":"publish","type":"post","link":"https:\/\/www.europesays.com\/se\/111357\/","title":{"rendered":"R\u00f6dgr\u00f6na vill utreda hur spelsektorn kan st\u00e4rkas"},"content":{"rendered":"<p>share-arrowDela<\/p>\n<p>unsaveSpara<\/p>\n<p>expand-left<\/p>\n<p>helsk\u00e4rm<img decoding=\"async\" class=\"image-asset hyperion-css-u06ts1\" data-test-tag=\"image-asset\" src=\"https:\/\/www.europesays.com\/se\/wp-content\/uploads\/2025\/12\/61af1c0b-c961-4b35-a736-eaa6e48272b1\"  alt=\"Bj\u00f6rn Wiechel, Socialdemokraternas kulturpolitiska talesperson. Arkivbild.\"  loading=\"eager\" fetchpriority=\"high\" style=\"aspect-ratio:1900 \/ 1265\"\/>Bj\u00f6rn Wiechel, Socialdemokraternas kulturpolitiska talesperson. Arkivbild. Foto: Claudio Bresciani\/TT<\/p>\n<p class=\"hyperion-css-1shl3oz\" data-test-tag=\"lead-text\">Socialdemokraterna, V\u00e4nsterpartiet och Milj\u00f6partiet vill tills\u00e4tta en utredning som analyserar utmaningar och l\u00e4gger fram f\u00f6rslag f\u00f6r hur den svenska spelsektorn kan st\u00e4rkas.<\/p>\n<p class=\"hyperion-css-1v9qo5x\">Socialdemokraternas kulturpolitiske talesperson Bj\u00f6rn Wiechel s\u00e4ger i ett pressmeddelande att svensk spelindustri \u00e4r \u201den framg\u00e5ngssaga\u201d, men att Sverige riskerar att f\u00f6rlora sin starka position \u201dn\u00e4r politiken sl\u00e4par efter.<\/p>\n<p class=\"hyperion-css-1v9qo5x\">Kulturutskottets ordf\u00f6rande Mats Berglund (MP) s\u00e4ger i samma pressmeddelande att Sverige beh\u00f6ver en nationell strategi f\u00f6r spel och spelkultur, och att spelkulturen beh\u00f6ver ett tydligt erk\u00e4nnande som kulturyttring.<\/p>\n<p class=\"hyperion-css-1v9qo5x\">Vasiliki Tsouplaki, kulturpolitisk talesperson f\u00f6r <a data-test-tag=\"internal-link\" href=\"https:\/\/www.aftonbladet.se\/tagg\/vansterpartiet\" class=\"hyperion-css-15jkft9\" rel=\"nofollow noopener\" target=\"\" aria-label=\"V\u00e4nsterpartiet\" theme=\"entertainment\">V\u00e4nsterpartiet<\/a>, s\u00e4ger att Sverige \u201dbeh\u00f6ver ha en kulturpolitik som omfamnar m\u00e5nga uttryckss\u00e4tt\u201d.<\/p>\n","protected":false},"excerpt":{"rendered":"share-arrowDela unsaveSpara expand-left helsk\u00e4rmBj\u00f6rn Wiechel, Socialdemokraternas kulturpolitiska talesperson. Arkivbild. Foto: Claudio Bresciani\/TT Socialdemokraterna, V\u00e4nsterpartiet och Milj\u00f6partiet vill tills\u00e4tta&hellip;\n","protected":false},"author":2,"featured_media":111358,"comment_status":"","ping_status":"","sticky":false,"template":"","format":"standard","meta":{"footnotes":""},"categories":[12],"tags":[22,23,26,27,17,21,24,25,28,29,15,16,18,34,31,33,32,30,19,20],"class_list":{"0":"post-111357","1":"post","2":"type-post","3":"status-publish","4":"format-standard","5":"has-post-thumbnail","7":"category-sverige","8":"tag-breaking-news","9":"tag-breakingnews","10":"tag-featured-news","11":"tag-featurednews","12":"tag-headlines","13":"tag-huvudnyheter","14":"tag-latest-news","15":"tag-latestnews","16":"tag-main-news","17":"tag-mainnews","18":"tag-news","19":"tag-nyheter","20":"tag-rubriker","21":"tag-se","22":"tag-svenska","23":"tag-sverige","24":"tag-sweden","25":"tag-swedish","26":"tag-top-stories","27":"tag-topstories"},"share_on_mastodon":{"url":"https:\/\/pubeurope.com\/@se\/115747152753715235","error":""},"_links":{"self":[{"href":"https:\/\/www.europesays.com\/se\/wp-json\/wp\/v2\/posts\/111357","targetHints":{"allow":["GET"]}}],"collection":[{"href":"https:\/\/www.europesays.com\/se\/wp-json\/wp\/v2\/posts"}],"about":[{"href":"https:\/\/www.europesays.com\/se\/wp-json\/wp\/v2\/types\/post"}],"author":[{"embeddable":true,"href":"https:\/\/www.europesays.com\/se\/wp-json\/wp\/v2\/users\/2"}],"replies":[{"embeddable":true,"href":"https:\/\/www.europesays.com\/se\/wp-json\/wp\/v2\/comments?post=111357"}],"version-history":[{"count":0,"href":"https:\/\/www.europesays.com\/se\/wp-json\/wp\/v2\/posts\/111357\/revisions"}],"wp:featuredmedia":[{"embeddable":true,"href":"https:\/\/www.europesays.com\/se\/wp-json\/wp\/v2\/media\/111358"}],"wp:attachment":[{"href":"https:\/\/www.europesays.com\/se\/wp-json\/wp\/v2\/media?parent=111357"}],"wp:term":[{"taxonomy":"category","embeddable":true,"href":"https:\/\/www.europesays.com\/se\/wp-json\/wp\/v2\/categories?post=111357"},{"taxonomy":"post_tag","embeddable":true,"href":"https:\/\/www.europesays.com\/se\/wp-json\/wp\/v2\/tags?post=111357"}],"curies":[{"name":"wp","href":"https:\/\/api.w.org\/{rel}","templated":true}]}}