{"id":111359,"date":"2025-12-19T16:22:11","date_gmt":"2025-12-19T16:22:11","guid":{"rendered":"https:\/\/www.europesays.com\/se\/111359\/"},"modified":"2025-12-19T16:22:11","modified_gmt":"2025-12-19T16:22:11","slug":"det-betyder-regeringens-forslag-om-andrade-bolaneregler-sbab-se","status":"publish","type":"post","link":"https:\/\/www.europesays.com\/se\/111359\/","title":{"rendered":"Det betyder regeringens f\u00f6rslag om \u00e4ndrade bol\u00e5neregler &#8211; sbab.se"},"content":{"rendered":"<ol>\n<li><a href=\"https:\/\/news.google.com\/rss\/articles\/CBMizwFBVV95cUxPTHllZVJvSlBqWGNIUkdiTG5kR1ZCZDlXeUZJQ0RTdkpIc2FTSkRldXpUT3NtYmZMQnVieUxEbVQ5bVNOXzh0ZmJnZUM3cDFqRUwyZ3Nuakd2cGxQeE5tR0tuSjJ1ckFtcHg0aEZ5a1JoTndGTDBHRnRGVFNTd29hdU9VUi1ZUUNUN2YtQ3JkdGhGclhNMjZvVzc5RE4xZmlrRHdQT0JNZmVlNG1rdUJCSnRZek4zczRDdkxZUlU1NTE5WERlZDc4a0lDUTFza3c?oc=5\" target=\"_blank\" rel=\"nofollow noopener\">Det betyder regeringens f\u00f6rslag om \u00e4ndrade bol\u00e5neregler<\/a>&nbsp;&nbsp;sbab.se<\/li>\n<li><a href=\"https:\/\/news.google.com\/rss\/articles\/CBMid0FVX3lxTE1TbDBpUE1mYWpFRk9CUEJHbVRNOWdEMDByVk85Tnk2S24yMmlxem4zOUhmeE5JbTM4d01USzJHNlNXQ2owamczWkpQMlZVcVdMUUZhSFQ2eFBYQktaTDdLM2tNc2pqU015VkpaaW9nb0hNYUw4d013?oc=5\" target=\"_blank\" rel=\"nofollow noopener\">Nya bol\u00e5neregler fr\u00e5n den 1 april<\/a>&nbsp;&nbsp;SVT Nyheter<\/li>\n<li><a href=\"https:\/\/news.google.com\/rss\/articles\/CBMimwFBVV95cUxOTkVwbGwyVkNUWFlpbmk3WUNwS2lwbUQwYS1sTGFKbkQ5cWt4QjM2WktuU2Q1RGpPT0sxb2JHVktVU2p0YmdMQ2hmZThuUVBuLThxUTlMTWJBb2ducnBYSlJKY3pnNFI3bVlrakl3NXVXS2RvM1pPUnRfeGM2engwQUtRTGNNeFdNNjJlNE1NcFBnRE9yOEhPN2Jtcw?oc=5\" target=\"_blank\" rel=\"nofollow noopener\">I Kristerssons Sverige \u00e4r det om\u00f6jligt att bli vuxen<\/a>&nbsp;&nbsp;Aftonbladet<\/li>\n<li><a href=\"https:\/\/news.google.com\/rss\/articles\/CBMitwFBVV95cUxQU1Vzd3Rsc1M2cnBkOTZOUFl4WXRidmxrTHUyTDFUSW1KU3V1b2R6ODhwQ0NNYWVfTFJMV3VrWXA0QmtYSWxZQzRHYTZsZF9tenZSQUZwNE9pSVNxSnZPbzUxTU9RcEtEbXRsaVJhV2t1UXRnbkVVSVY0Ym93cEFOU0VVc050Vk9UWmswNS01MkM2WEtwUkphUGtsWnNyeEMwblhQRWRPcDlKcHZJb0p3RURoMlhoMEE?oc=5\" target=\"_blank\" rel=\"nofollow noopener\">F\u00f6rslag p\u00e5 h\u00f6jt bol\u00e5netak och slopande av sk\u00e4rpt amorteringskrav<\/a>&nbsp;&nbsp;Regeringen.se<\/li>\n<li><a href=\"https:\/\/news.google.com\/rss\/articles\/CBMiZEFVX3lxTE9rbGtGR2JfWF9CRFFZQ2JXcDdSYnNmVjcxTzliSjkyaE9tWmxEYk9ZdVNudEZiOFBHTzl3X1J3M0tJdnk0cVdjdE1mSVR6UkZVS2hkVU85NmQ1bHhOejU1TEtnSEI?oc=5\" target=\"_blank\" rel=\"nofollow noopener\">LEDARE: \u00c4ntligen b\u00e4ttre bol\u00e5neregler<\/a>&nbsp;&nbsp;DI<\/li>\n<\/ol>\n","protected":false},"excerpt":{"rendered":"Det betyder regeringens f\u00f6rslag om \u00e4ndrade bol\u00e5neregler&nbsp;&nbsp;sbab.se Nya bol\u00e5neregler fr\u00e5n den 1 april&nbsp;&nbsp;SVT Nyheter I Kristerssons Sverige \u00e4r&hellip;\n","protected":false},"author":2,"featured_media":107705,"comment_status":"","ping_status":"","sticky":false,"template":"","format":"standard","meta":{"footnotes":""},"categories":[5],"tags":[22,23,26,27,17,21,24,25,28,29,15,16,18,34,31,33,32,30,19,20],"class_list":{"0":"post-111359","1":"post","2":"type-post","3":"status-publish","4":"format-standard","5":"has-post-thumbnail","7":"category-rubriker","8":"tag-breaking-news","9":"tag-breakingnews","10":"tag-featured-news","11":"tag-featurednews","12":"tag-headlines","13":"tag-huvudnyheter","14":"tag-latest-news","15":"tag-latestnews","16":"tag-main-news","17":"tag-mainnews","18":"tag-news","19":"tag-nyheter","20":"tag-rubriker","21":"tag-se","22":"tag-svenska","23":"tag-sverige","24":"tag-sweden","25":"tag-swedish","26":"tag-top-stories","27":"tag-topstories"},"share_on_mastodon":{"url":"https:\/\/pubeurope.com\/@se\/115747156340557595","error":""},"_links":{"self":[{"href":"https:\/\/www.europesays.com\/se\/wp-json\/wp\/v2\/posts\/111359","targetHints":{"allow":["GET"]}}],"collection":[{"href":"https:\/\/www.europesays.com\/se\/wp-json\/wp\/v2\/posts"}],"about":[{"href":"https:\/\/www.europesays.com\/se\/wp-json\/wp\/v2\/types\/post"}],"author":[{"embeddable":true,"href":"https:\/\/www.europesays.com\/se\/wp-json\/wp\/v2\/users\/2"}],"replies":[{"embeddable":true,"href":"https:\/\/www.europesays.com\/se\/wp-json\/wp\/v2\/comments?post=111359"}],"version-history":[{"count":0,"href":"https:\/\/www.europesays.com\/se\/wp-json\/wp\/v2\/posts\/111359\/revisions"}],"wp:featuredmedia":[{"embeddable":true,"href":"https:\/\/www.europesays.com\/se\/wp-json\/wp\/v2\/media\/107705"}],"wp:attachment":[{"href":"https:\/\/www.europesays.com\/se\/wp-json\/wp\/v2\/media?parent=111359"}],"wp:term":[{"taxonomy":"category","embeddable":true,"href":"https:\/\/www.europesays.com\/se\/wp-json\/wp\/v2\/categories?post=111359"},{"taxonomy":"post_tag","embeddable":true,"href":"https:\/\/www.europesays.com\/se\/wp-json\/wp\/v2\/tags?post=111359"}],"curies":[{"name":"wp","href":"https:\/\/api.w.org\/{rel}","templated":true}]}}