{"id":111360,"date":"2025-12-19T16:24:23","date_gmt":"2025-12-19T16:24:23","guid":{"rendered":"https:\/\/www.europesays.com\/se\/111360\/"},"modified":"2025-12-19T16:24:23","modified_gmt":"2025-12-19T16:24:23","slug":"svensken-hyllas-efter-ordvaxlingen-fotboll","status":"publish","type":"post","link":"https:\/\/www.europesays.com\/se\/111360\/","title":{"rendered":"Svensken hyllas \u2013 efter ordv\u00e4xlingen | Fotboll"},"content":{"rendered":"<p>Publicerad 19 dec 2025 kl 11.57Uppdaterad kl 13.28<\/p>\n<p>Marocko vann finalen i \u201dArab Cup.\u201d Men efter\u00e5t \u00e4r det svenske Glenn Nyberg som f\u00e5tt mest uppm\u00e4rksamhet. Nu hyllas han efter en detalj p\u00e5 planen.<\/p>\n<p>\u2013 Det hedrar honom s\u00e4ger kommentatorn i s\u00e4ndning, enligt SVT.<\/p>\n<p><img   alt=\"\"\/> <\/p>\n<p>Foto: THEKKAYIL\/NURPHOTO\/SHUTTERSTOCK \/ SHUTTERSTOCK EDITORIAL\/IBL<\/p>\n<p>\u00d6ppna bild i helsk\u00e4rm<img loading=\"lazy\"   alt=\"\"\/> <\/p>\n<p>Foto: X<\/p>\n<p>\u00d6ppna bild i helsk\u00e4rm<\/p>\n<p>Marocko besegrade Jordanien med 3-2 i finalen av Arab Cup efter att Abderrazak Hamdallah avgjort i f\u00f6rl\u00e4ngning. R\u00e4ttsskipare i matchen var svenske Glenn Nyberg som nu har blivit viral efter att ett klipp spridits p\u00e5 sociala medier.\u00a0<\/p>\n<p>Vid st\u00e4llning 1-1, tio minuter in i den andra halvleken, bl\u00e5ser Nyberg frispark till Marocko. Jordaniens Saed Al-Rosan protesterar mot domslutet. Och det \u00e4r ett klipp ordv\u00e4xlingen efter\u00e5t som f\u00e5tt uppm\u00e4rksamhet.<\/p>\n<p>\u201dDet hedrar honom\u201d<\/p>\n<p>P\u00e5 klippet, <a href=\"https:\/\/www.svt.se\/sport\/fotboll\/virala-bilderna-pa-domaren-glenn-nyberg-har-pratar-han-arabiska\" rel=\"nofollow noopener\" target=\"_blank\">som SVT \u00f6versatt<\/a> h\u00f6rs kommentatorn referera h\u00e4ndelsef\u00f6rloppet:<\/p>\n<p>\u201dKolla kolla: \u201dWallah!\u201d Det \u00e4r d\u00f6mt frispark.<\/p>\n<p>Al-Rosan protesterar mot domslutet men d\u00e5 svarar den svenske domaren p\u00e5 arabiska: \u201dWallah, det st\u00e4mmer.\u201d\u00a0<\/p>\n<p>Man kunde se att den svenske domaren talade arabiska. Det hedrar honom. Kolla vad han s\u00e4ger: Wallah, Allah, wallah!\u201d Kolla hur domaren svarar! \u201dWallah, wallah!\u201d\u201d<\/p>\n<p>SVT har s\u00f6kt Glenn Nyberg som inte f\u00e5r uttala sig om internationella matcher.<\/p>\n<p><a href=\"https:\/\/x.com\/justrami\/status\/2001713204150325442\" data-provider=\"twitter\" class=\"js-social-embed\" rel=\"nofollow\">https:\/\/x.com\/justrami\/status\/2001713204150325442<\/a><\/p>\n","protected":false},"excerpt":{"rendered":"Publicerad 19 dec 2025 kl 11.57Uppdaterad kl 13.28 Marocko vann finalen i \u201dArab Cup.\u201d Men efter\u00e5t \u00e4r det&hellip;\n","protected":false},"author":2,"featured_media":111361,"comment_status":"","ping_status":"","sticky":false,"template":"","format":"standard","meta":{"footnotes":""},"categories":[68],"tags":[34,129,111,110,31,33,32,30],"class_list":{"0":"post-111360","1":"post","2":"type-post","3":"status-publish","4":"format-standard","5":"has-post-thumbnail","7":"category-sport","8":"tag-se","9":"tag-sections-fotboll","10":"tag-sport","11":"tag-sports","12":"tag-svenska","13":"tag-sverige","14":"tag-sweden","15":"tag-swedish"},"share_on_mastodon":{"url":"https:\/\/pubeurope.com\/@se\/115747164544151889","error":""},"_links":{"self":[{"href":"https:\/\/www.europesays.com\/se\/wp-json\/wp\/v2\/posts\/111360","targetHints":{"allow":["GET"]}}],"collection":[{"href":"https:\/\/www.europesays.com\/se\/wp-json\/wp\/v2\/posts"}],"about":[{"href":"https:\/\/www.europesays.com\/se\/wp-json\/wp\/v2\/types\/post"}],"author":[{"embeddable":true,"href":"https:\/\/www.europesays.com\/se\/wp-json\/wp\/v2\/users\/2"}],"replies":[{"embeddable":true,"href":"https:\/\/www.europesays.com\/se\/wp-json\/wp\/v2\/comments?post=111360"}],"version-history":[{"count":0,"href":"https:\/\/www.europesays.com\/se\/wp-json\/wp\/v2\/posts\/111360\/revisions"}],"wp:featuredmedia":[{"embeddable":true,"href":"https:\/\/www.europesays.com\/se\/wp-json\/wp\/v2\/media\/111361"}],"wp:attachment":[{"href":"https:\/\/www.europesays.com\/se\/wp-json\/wp\/v2\/media?parent=111360"}],"wp:term":[{"taxonomy":"category","embeddable":true,"href":"https:\/\/www.europesays.com\/se\/wp-json\/wp\/v2\/categories?post=111360"},{"taxonomy":"post_tag","embeddable":true,"href":"https:\/\/www.europesays.com\/se\/wp-json\/wp\/v2\/tags?post=111360"}],"curies":[{"name":"wp","href":"https:\/\/api.w.org\/{rel}","templated":true}]}}