{"id":111364,"date":"2025-12-19T16:30:10","date_gmt":"2025-12-19T16:30:10","guid":{"rendered":"https:\/\/www.europesays.com\/se\/111364\/"},"modified":"2025-12-19T16:30:10","modified_gmt":"2025-12-19T16:30:10","slug":"har-du-en-foralder-som-drabbats-av-demenssjukdom-kognitiv-sjukdom","status":"publish","type":"post","link":"https:\/\/www.europesays.com\/se\/111364\/","title":{"rendered":"Har du en f\u00f6r\u00e4lder som drabbats av demenssjukdom\/kognitiv sjukdom?"},"content":{"rendered":"<p class=\"font-normal\">Att ha en f\u00f6r\u00e4lder med demens kan vara f\u00f6rvirrande, ledsamt och ibland sv\u00e5rt att hantera. Som n\u00e4rst\u00e5ende kan det k\u00e4nnas ensamt \u2013 men du beh\u00f6ver inte b\u00e4ra det sj\u00e4lv.<\/p>\n<p class=\"font-normal\">Anh\u00f6riggruppen \u00e4r en trygg plats d\u00e4r du f\u00e5r tr\u00e4ffa andra i liknade situation och d\u00e4r du f\u00e5r m\u00f6jlighet att dela dina upplevelser.<\/p>\n<p class=\"font-normal\"><strong>H\u00e4r f\u00e5r du:<\/strong><\/p>\n<ul class=\" sol-bullet-list font-normal\">\n<li>M\u00f6jlighet att prata \u00f6ppet om dina k\u00e4nslor och upplevelser<\/li>\n<li>Gemenskap med andra som f\u00f6rst\u00e5r precis vad du g\u00e5r igenom<\/li>\n<li>Vi tror p\u00e5 styrkan i gemenskap och samtal. Tillsammans kan vi g\u00f6ra v\u00e4gen lite l\u00e4ttare.<\/li>\n<\/ul>\n<p class=\"font-normal\"><strong>Tid:<\/strong> kl 17.30\u201319.30<\/p>\n<p class=\"font-normal\"><strong>Datum:<\/strong><\/p>\n<ul class=\" sol-bullet-list font-normal\">\n<li>29 januari<\/li>\n<li>5 februari<\/li>\n<li>12 februari<\/li>\n<li>19 februari<\/li>\n<li>5 mars<\/li>\n<\/ul>\n<p class=\"font-normal\"><strong>Plats:<\/strong> Bollmoradalens kyrka, Kyrkogr\u00e4nd 14, 135 43 Tyres\u00f6. Ing\u00e5ngen till lokalen ligger bredvid Svensk Fastighetsf\u00f6rmedling. Ing\u00e5ng fr\u00e5n samma sida som Stadsparken.<\/p>\n<p class=\"font-normal\"><strong>Anm\u00e4lan:<\/strong> <a href=\"https:\/\/www.tyreso.se\/arkiv\/nyheter\/nyheter-omsorg-och-stod\/omsorg-och-stod\/mailto:anhorigkonsulent@tyreso.se\" rel=\"nofollow noopener\" target=\"_blank\">anhorigkonsulent@tyreso.se<\/a> eller 08-578 298 78<br \/>Begr\u00e4nsat antal platser, f\u00f6rst till kvarn.<\/p>\n<p class=\"font-normal\">Varmt v\u00e4lkommen!<\/p>\n","protected":false},"excerpt":{"rendered":"Att ha en f\u00f6r\u00e4lder med demens kan vara f\u00f6rvirrande, ledsamt och ibland sv\u00e5rt att hantera. Som n\u00e4rst\u00e5ende kan&hellip;\n","protected":false},"author":2,"featured_media":111365,"comment_status":"","ping_status":"","sticky":false,"template":"","format":"standard","meta":{"footnotes":""},"categories":[12],"tags":[22,23,26,27,17,21,24,25,28,29,15,16,18,34,31,33,32,30,19,20,8043],"class_list":{"0":"post-111364","1":"post","2":"type-post","3":"status-publish","4":"format-standard","5":"has-post-thumbnail","7":"category-sverige","8":"tag-breaking-news","9":"tag-breakingnews","10":"tag-featured-news","11":"tag-featurednews","12":"tag-headlines","13":"tag-huvudnyheter","14":"tag-latest-news","15":"tag-latestnews","16":"tag-main-news","17":"tag-mainnews","18":"tag-news","19":"tag-nyheter","20":"tag-rubriker","21":"tag-se","22":"tag-svenska","23":"tag-sverige","24":"tag-sweden","25":"tag-swedish","26":"tag-top-stories","27":"tag-topstories","28":"tag-tyreso"},"share_on_mastodon":{"url":"https:\/\/pubeurope.com\/@se\/115747187926537272","error":""},"_links":{"self":[{"href":"https:\/\/www.europesays.com\/se\/wp-json\/wp\/v2\/posts\/111364","targetHints":{"allow":["GET"]}}],"collection":[{"href":"https:\/\/www.europesays.com\/se\/wp-json\/wp\/v2\/posts"}],"about":[{"href":"https:\/\/www.europesays.com\/se\/wp-json\/wp\/v2\/types\/post"}],"author":[{"embeddable":true,"href":"https:\/\/www.europesays.com\/se\/wp-json\/wp\/v2\/users\/2"}],"replies":[{"embeddable":true,"href":"https:\/\/www.europesays.com\/se\/wp-json\/wp\/v2\/comments?post=111364"}],"version-history":[{"count":0,"href":"https:\/\/www.europesays.com\/se\/wp-json\/wp\/v2\/posts\/111364\/revisions"}],"wp:featuredmedia":[{"embeddable":true,"href":"https:\/\/www.europesays.com\/se\/wp-json\/wp\/v2\/media\/111365"}],"wp:attachment":[{"href":"https:\/\/www.europesays.com\/se\/wp-json\/wp\/v2\/media?parent=111364"}],"wp:term":[{"taxonomy":"category","embeddable":true,"href":"https:\/\/www.europesays.com\/se\/wp-json\/wp\/v2\/categories?post=111364"},{"taxonomy":"post_tag","embeddable":true,"href":"https:\/\/www.europesays.com\/se\/wp-json\/wp\/v2\/tags?post=111364"}],"curies":[{"name":"wp","href":"https:\/\/api.w.org\/{rel}","templated":true}]}}